{"id":5011,"date":"2012-08-30T10:07:43","date_gmt":"2012-08-30T09:07:43","guid":{"rendered":"http:\/\/sw-osterfeine.de\/?p=5011"},"modified":"2012-08-30T10:08:09","modified_gmt":"2012-08-30T09:08:09","slug":"an-alle-sportler-trainer-verantwortliche-und-veranstalter","status":"publish","type":"post","link":"https:\/\/sw-osterfeine.de\/?p=5011","title":{"rendered":"An alle Sportler, Trainer, Verantwortliche und Veranstalter!!"},"content":{"rendered":"<p>Sicherlich m\u00f6chte jeder Verantwortliche sein Anliegen f\u00fcr seine Mannschaft, seine Veranstaltung oder seine Werbung im besten Lichte erscheinen lassen. Das geht besonders gut da, wo Woche f\u00fcr Woche \u00fcber 1000 Sportler und G\u00e4ste ein- und ausgehen.<\/p>\n<p>Daf\u00fcr haben wir sicherlich Verst\u00e4ndnis.<\/p>\n<p>Kein Verst\u00e4ndnis haben wir aber f\u00fcr jegliche Art von wilder Plakatierung innerhalb und au\u00dferhalb der Geb\u00e4ude des Sportvereines SW Osterfeine. Nicht oder nur schwerlich zu l\u00f6sende Aufkleber oder Klebestreifen f\u00fchren zu irreparablen Sch\u00e4den und unsch\u00f6nen Verunreinigungen.<\/p>\n<p>Der Sportverein SW Osterfeine hat extra sowohl f\u00fcr die Kabinen als auch f\u00fcr Flure und Eing\u00e4nge und f\u00fcr drau\u00dfen zahlreiche Tafeln oder schwarze Bretter zum Aushang wichtiger Mitteilungen und Informationen angebracht.<\/p>\n<p>Zuk\u00fcnftig sind nur noch an diesen Tafeln Informationen anzubringen.<\/p>\n<p>Anderweitig angebrachte Infos werden umgehend entfernt und bei groben Verunreinigungen werden die Kosten den Verursachern in Rechnung gestellt.<\/p>\n<p>Der Vorstand<\/p>\n","protected":false},"excerpt":{"rendered":"<p>Sicherlich m\u00f6chte jeder Verantwortliche sein Anliegen f\u00fcr seine Mannschaft, seine Veranstaltung oder seine Werbung im besten Lichte erscheinen lassen. Das geht besonders gut da, wo Woche f\u00fcr Woche \u00fcber 1000 Sportler und G\u00e4ste ein- und ausgehen. Daf\u00fcr haben wir sicherlich Verst\u00e4ndnis. Kein Verst\u00e4ndnis haben wir aber f\u00fcr jegliche Art von wilder Plakatierung innerhalb und au\u00dferhalb [&hellip;]<\/p>\n","protected":false},"author":3,"featured_media":0,"comment_status":"closed","ping_status":"closed","sticky":false,"template":"","format":"standard","meta":{"footnotes":""},"categories":[37],"tags":[],"_links":{"self":[{"href":"https:\/\/sw-osterfeine.de\/index.php?rest_route=\/wp\/v2\/posts\/5011"}],"collection":[{"href":"https:\/\/sw-osterfeine.de\/index.php?rest_route=\/wp\/v2\/posts"}],"about":[{"href":"https:\/\/sw-osterfeine.de\/index.php?rest_route=\/wp\/v2\/types\/post"}],"author":[{"embeddable":true,"href":"https:\/\/sw-osterfeine.de\/index.php?rest_route=\/wp\/v2\/users\/3"}],"replies":[{"embeddable":true,"href":"https:\/\/sw-osterfeine.de\/index.php?rest_route=%2Fwp%2Fv2%2Fcomments&post=5011"}],"version-history":[{"count":3,"href":"https:\/\/sw-osterfeine.de\/index.php?rest_route=\/wp\/v2\/posts\/5011\/revisions"}],"predecessor-version":[{"id":5014,"href":"https:\/\/sw-osterfeine.de\/index.php?rest_route=\/wp\/v2\/posts\/5011\/revisions\/5014"}],"wp:attachment":[{"href":"https:\/\/sw-osterfeine.de\/index.php?rest_route=%2Fwp%2Fv2%2Fmedia&parent=5011"}],"wp:term":[{"taxonomy":"category","embeddable":true,"href":"https:\/\/sw-osterfeine.de\/index.php?rest_route=%2Fwp%2Fv2%2Fcategories&post=5011"},{"taxonomy":"post_tag","embeddable":true,"href":"https:\/\/sw-osterfeine.de\/index.php?rest_route=%2Fwp%2Fv2%2Ftags&post=5011"}],"curies":[{"name":"wp","href":"https:\/\/api.w.org\/{rel}","templated":true}]}}