{"id":6267,"date":"2012-11-21T14:46:14","date_gmt":"2012-11-21T13:46:14","guid":{"rendered":"http:\/\/sw-osterfeine.de\/?p=6267"},"modified":"2012-11-21T14:57:57","modified_gmt":"2012-11-21T13:57:57","slug":"b-jugend-4","status":"publish","type":"post","link":"https:\/\/sw-osterfeine.de\/?p=6267","title":{"rendered":"1. B-Jugend"},"content":{"rendered":"<p style=\"text-align: justify;\"><strong>Zwischenbilanz<\/strong><\/p>\n<p style=\"text-align: justify;\">Die Hinrunde neigt sich dem Ende zu, trotzdem Zeit f\u00fcr eine kleine Zwischenbilanz \u00fcber die B-Jugend: Wir haben w\u00e4hrend des Sommers und im Herbst intensiv mit der Mannschaft gearbeitet, doch der erhoffte Erfolg stellt sich nur langsam ein. Der Wille bei den Spielern ist unverkennbar, die Beteiligung meistens gut, aber sind die Defizite zu gro\u00df, als dass wir sie \u00fcber Nacht abstellen k\u00f6nnen. Das zeigen die Vergleiche mit anderen Mannschaften deutlich. Fest steht: Die B-Jugend \u00fcberwintert 2012 im Tabellenkeller der Kreisliga.<!--more--><\/p>\n<p style=\"text-align: justify;\">Eine Konsequenz aus dem Auftreten der letzten Wochen ist eine ge\u00e4nderte Aufstellung: So spielt Lampe nicht mehr im Sturm sondern linker Verteidiger, auch konnten wir mit Osterhues einen Spieler der A\/B-Jugend neu f\u00fcr uns gewinnen. Leider m\u00fcssen wir zeitweise verletzungsbedingt auf Libero Rolfsen verzichten.<\/p>\n<p style=\"text-align: justify;\">Im Heimspiel gegen das schwache Schlusslicht SFN Vechta kamen wir \u00fcber einen 2:1-Sieg nicht hinaus. Die F\u00fchrung von St\u00e4rk konnten die G\u00e4ste aus der Kreisstadt noch egalisieren. Nach vielen vergebenen Gro\u00dfchancen brachte das Tor von Fangmann die Erl\u00f6sung und den verdienten Sieg. Entsprechend ausgelassen wurde dieser beim abendlichen Sportlerball gefeiert.<\/p>\n<p style=\"text-align: justify;\">Gegen die Landesligareserve von BW Lohne zeigten wir auf Kunstrasen ein gutes Spiel (0:1). Zwar blieben die drei Punkte in Lohne, dennoch hinterlie\u00df unsere Mannschaft einen positiven Eindruck. Ein starkes Spiel machte TW Schnuck, auch St\u00e4rk im Mittelfeld gefiel uns gut.<\/p>\n<p style=\"text-align: justify;\">Keine Chance dagegen hatten wir im Heimspiel (0:9) gegen den b\u00e4renstarken Tabellenf\u00fchrer GW Brockdorf. Die Truppe mit Landesligapraxis war uns in allen Belangen klar \u00fcberlegen. Zwar wehrten wir uns nach Kr\u00e4ften \u2013 insbesondere Aushilfslibero Schnuck k\u00e4mpfte bis zum Umfallen \u2013 und h\u00e4tten durch St\u00e4rk beinahe verk\u00fcrzt, aber die G\u00e4ste hatten das Spiel zu jeder Zeit im Griff.<\/p>\n<p style=\"text-align: justify;\">Am jetztigen Sonntag sind wir beim Nachbarn und Tabellenzweiten RW Damme zu Gast, am kommenden Sonntag (2.12.) erwarten wir in Osterfeine den VfL Oythe II (5., Ansto\u00df: 10:30 Uhr).<\/p>\n<p style=\"text-align: justify;\" align=\"right\"><em>Heinrich Kruthaup, Co-Trainer B-Junioren<\/em><\/p>\n","protected":false},"excerpt":{"rendered":"<p>Zwischenbilanz Die Hinrunde neigt sich dem Ende zu, trotzdem Zeit f\u00fcr eine kleine Zwischenbilanz \u00fcber die B-Jugend: Wir haben w\u00e4hrend des Sommers und im Herbst intensiv mit der Mannschaft gearbeitet, doch der erhoffte Erfolg stellt sich nur langsam ein. Der Wille bei den Spielern ist unverkennbar, die Beteiligung meistens gut, aber sind die Defizite zu [&hellip;]<\/p>\n","protected":false},"author":3,"featured_media":0,"comment_status":"closed","ping_status":"closed","sticky":false,"template":"","format":"standard","meta":{"footnotes":""},"categories":[3],"tags":[],"_links":{"self":[{"href":"https:\/\/sw-osterfeine.de\/index.php?rest_route=\/wp\/v2\/posts\/6267"}],"collection":[{"href":"https:\/\/sw-osterfeine.de\/index.php?rest_route=\/wp\/v2\/posts"}],"about":[{"href":"https:\/\/sw-osterfeine.de\/index.php?rest_route=\/wp\/v2\/types\/post"}],"author":[{"embeddable":true,"href":"https:\/\/sw-osterfeine.de\/index.php?rest_route=\/wp\/v2\/users\/3"}],"replies":[{"embeddable":true,"href":"https:\/\/sw-osterfeine.de\/index.php?rest_route=%2Fwp%2Fv2%2Fcomments&post=6267"}],"version-history":[{"count":2,"href":"https:\/\/sw-osterfeine.de\/index.php?rest_route=\/wp\/v2\/posts\/6267\/revisions"}],"predecessor-version":[{"id":6278,"href":"https:\/\/sw-osterfeine.de\/index.php?rest_route=\/wp\/v2\/posts\/6267\/revisions\/6278"}],"wp:attachment":[{"href":"https:\/\/sw-osterfeine.de\/index.php?rest_route=%2Fwp%2Fv2%2Fmedia&parent=6267"}],"wp:term":[{"taxonomy":"category","embeddable":true,"href":"https:\/\/sw-osterfeine.de\/index.php?rest_route=%2Fwp%2Fv2%2Fcategories&post=6267"},{"taxonomy":"post_tag","embeddable":true,"href":"https:\/\/sw-osterfeine.de\/index.php?rest_route=%2Fwp%2Fv2%2Ftags&post=6267"}],"curies":[{"name":"wp","href":"https:\/\/api.w.org\/{rel}","templated":true}]}}