{"id":6279,"date":"2012-11-21T15:02:16","date_gmt":"2012-11-21T14:02:16","guid":{"rendered":"http:\/\/sw-osterfeine.de\/?p=6279"},"modified":"2012-11-21T15:02:21","modified_gmt":"2012-11-21T14:02:21","slug":"1-damen-stellen-sich-vor-alexandra-cardinal","status":"publish","type":"post","link":"https:\/\/sw-osterfeine.de\/?p=6279","title":{"rendered":"1. Damen .. stellen sich vor: Alexandra Cardinal"},"content":{"rendered":"<p style=\"text-align: justify;\"><strong><a href=\"https:\/\/sw-osterfeine.de\/wp-content\/uploads\/2012\/11\/DSC_0919-1.jpg\" data-rel=\"lightbox-image-0\" data-rl_title=\"\" data-rl_caption=\"\"><img loading=\"lazy\" decoding=\"async\" class=\"alignright size-medium wp-image-6280\" title=\"\" src=\"https:\/\/sw-osterfeine.de\/wp-content\/uploads\/2012\/11\/DSC_0919-1-300x300.jpg\" alt=\"\" width=\"300\" height=\"300\" srcset=\"https:\/\/sw-osterfeine.de\/wp-content\/uploads\/2012\/11\/DSC_0919-1-300x300.jpg 300w, https:\/\/sw-osterfeine.de\/wp-content\/uploads\/2012\/11\/DSC_0919-1-150x150.jpg 150w, https:\/\/sw-osterfeine.de\/wp-content\/uploads\/2012\/11\/DSC_0919-1.jpg 686w\" sizes=\"(max-width: 300px) 100vw, 300px\" \/><\/a>Name: <\/strong>Cardinal<\/p>\n<p style=\"text-align: justify;\"><strong>Vorname: <\/strong>Alexandra<\/p>\n<p style=\"text-align: justify;\"><strong>Geb.-Datum: <\/strong>24.06.1974<\/p>\n<p style=\"text-align: justify;\"><strong>Im Verein seit: <\/strong>1978<\/p>\n<p style=\"text-align: justify;\"><strong>Warum Osterfeine?: <\/strong>Warum nicht ? Der Verein ist &#8222;einfach geil&#8220;<\/p>\n<p style=\"text-align: justify;\"><strong>Spielpositionen:\u00a0<\/strong>Fr\u00fcher RA und Kreisl\u00e4ufer bis zur B-Jugend, dann waren die Knie hin ! Jetzt fungiere ich als Torwart Trainerin, Betreuerin, Physio, &#8222;Psycho&#8220; und habe ein Ohr f\u00fcr gro\u00dfe und kleine Sorgen !<\/p>\n<p style=\"text-align: justify;\"><strong>Gr\u00f6\u00dfter sportlicher Erfolg: <\/strong>Als Co-Trainer\/Betreuer der Aufstieg mit der\u00a01. Damen in die Landesliga<\/p>\n<p style=\"text-align: justify;\"><strong>\u00dcber mich: <\/strong>Ich bin wie ich bin. Lebenslustig und manchmal ein bisschen &#8222;bluna&#8220;<\/p>\n<p style=\"text-align: justify;\"><strong>Saisonziel: <\/strong>verletzungsfreier Klassenerhalt<\/p>\n<p style=\"text-align: justify;\"><strong>F\u00fcr mich ist Handball: <\/strong>mein Ausgleich zu meinem sehr ausf\u00fcllenden Beruf. Bin gern mit der Manschaft zusammen, Manschaft ist wie Familie !<\/p>\n<p style=\"text-align: justify;\"><strong>Handballmotto: <\/strong>Nur als Team kannst du \u00fcberleben und dein Ziel erreichen!<\/p>\n<p style=\"text-align: justify;\"><strong>Mein Tipp an die Jugend:<\/strong> Immer sch\u00f6n auf den Trainer h\u00f6ren !!! L\u00e4chel !<\/p>\n","protected":false},"excerpt":{"rendered":"<p>Name: Cardinal Vorname: Alexandra Geb.-Datum: 24.06.1974 Im Verein seit: 1978 Warum Osterfeine?: Warum nicht ? Der Verein ist &#8222;einfach geil&#8220; Spielpositionen:\u00a0Fr\u00fcher RA und Kreisl\u00e4ufer bis zur B-Jugend, dann waren die Knie hin ! Jetzt fungiere ich als Torwart Trainerin, Betreuerin, Physio, &#8222;Psycho&#8220; und habe ein Ohr f\u00fcr gro\u00dfe und kleine Sorgen ! Gr\u00f6\u00dfter sportlicher Erfolg: [&hellip;]<\/p>\n","protected":false},"author":3,"featured_media":0,"comment_status":"closed","ping_status":"closed","sticky":false,"template":"","format":"standard","meta":{"footnotes":""},"categories":[1],"tags":[],"_links":{"self":[{"href":"https:\/\/sw-osterfeine.de\/index.php?rest_route=\/wp\/v2\/posts\/6279"}],"collection":[{"href":"https:\/\/sw-osterfeine.de\/index.php?rest_route=\/wp\/v2\/posts"}],"about":[{"href":"https:\/\/sw-osterfeine.de\/index.php?rest_route=\/wp\/v2\/types\/post"}],"author":[{"embeddable":true,"href":"https:\/\/sw-osterfeine.de\/index.php?rest_route=\/wp\/v2\/users\/3"}],"replies":[{"embeddable":true,"href":"https:\/\/sw-osterfeine.de\/index.php?rest_route=%2Fwp%2Fv2%2Fcomments&post=6279"}],"version-history":[{"count":4,"href":"https:\/\/sw-osterfeine.de\/index.php?rest_route=\/wp\/v2\/posts\/6279\/revisions"}],"predecessor-version":[{"id":6390,"href":"https:\/\/sw-osterfeine.de\/index.php?rest_route=\/wp\/v2\/posts\/6279\/revisions\/6390"}],"wp:attachment":[{"href":"https:\/\/sw-osterfeine.de\/index.php?rest_route=%2Fwp%2Fv2%2Fmedia&parent=6279"}],"wp:term":[{"taxonomy":"category","embeddable":true,"href":"https:\/\/sw-osterfeine.de\/index.php?rest_route=%2Fwp%2Fv2%2Fcategories&post=6279"},{"taxonomy":"post_tag","embeddable":true,"href":"https:\/\/sw-osterfeine.de\/index.php?rest_route=%2Fwp%2Fv2%2Ftags&post=6279"}],"curies":[{"name":"wp","href":"https:\/\/api.w.org\/{rel}","templated":true}]}}