{"id":6285,"date":"2012-11-22T15:28:11","date_gmt":"2012-11-22T14:28:11","guid":{"rendered":"http:\/\/sw-osterfeine.de\/?p=6285"},"modified":"2012-11-22T17:54:57","modified_gmt":"2012-11-22T16:54:57","slug":"liebe-leser-von-sw-aktuell-4","status":"publish","type":"post","link":"https:\/\/sw-osterfeine.de\/?p=6285","title":{"rendered":"Liebe Leser von SW-Aktuell &#8230;"},"content":{"rendered":"<p style=\"text-align: justify;\">Zum letzten Heimspiel unserer I-Herrenmannschaft gegen den TV Dinklage \u00a0im Jahr 2012 hei\u00dfen wir alle G\u00e4ste recht herzlich in Osterfeine willkommen.\u00a0 Besonders begr\u00fc\u00dfen m\u00f6chten wir unsere G\u00e4ste aus Dinklage und unsere G\u00e4ste aus Damme zum Vorspiel unserer Reservemannschaft gegen den Lokalrivalen RW Damme III.<!--more--><\/p>\n<p style=\"text-align: justify;\">Ferner hei\u00dfen wir alle Schiedsrichter willkommen und begr\u00fc\u00dfen heute besonders unsere Mitglieder aus dem \u201eClub 100- Jugendf\u00f6rderung im OSV\u201c. Der Sportverein m\u00f6chte sich hiermit bei den Club-100-Mitgliedern f\u00fcr ihre Unterst\u00fctzung der Jugendarbeit recht herzlich bedanken.<\/p>\n<p style=\"text-align: justify;\">Danke besonders, weil dieser Personenkreis die Bedeutung der Jugendarbeit in Osterfeine und R\u00fcschendorf erkannt hat, und bereit ist mitzuhelfen, damit alle Kinder und Jugendliche zu sehr humanen Beitr\u00e4gen und geordneten Rahmenbedingungen Sport treiben k\u00f6nnen.<\/p>\n<p style=\"text-align: justify;\">Der Sportverein SW Osterfeine und seine Mitglieder sind froh \u00fcber diese Unterst\u00fctzung und bedanken sich ebenso bei den ehrenamtlichen \u00dcbungsleitern, die sich um unsere Kinder k\u00fcmmern.<\/p>\n<p style=\"text-align: justify;\">Das n\u00e4chste Heimspiel unserer I-Herrenmannschaft findet am 10.3.2013 statt und damit 2 Tage nach der Generalversammlung am Freitag, den 8.3.2013 um 20.00 Uhr im Vereinshaus Osterfeine.<\/p>\n<p style=\"text-align: justify;\">Nachdem seit den letzten Wahlen fast wieder 2 Jahre vergangen sind, stehen Neuwahlen bez\u00fcglich des kompletten Vorstands an<\/p>\n<p style=\"text-align: justify;\">Es ist sicher, dass der Vorstand nicht in der bisherigen Zusammensetzung bestehen bleibt. Es besteht also f\u00fcr alle Mitglieder die gro\u00dfe M\u00f6glichkeit, sich ab dem 8.3.2013 aktiv in der Vorstandsarbeit einzubringen. Meldet Euch in den n\u00e4chsten Tagen beim Vorstand, damit es gelingt auch in Zukunft eine schlagkr\u00e4ftige F\u00fchrungsmannschaft auf die Beine zu stellen.<\/p>\n<p style=\"text-align: justify;\">Das Aufgabenprofil f\u00fcr die Vorstandsarbeit k\u00f6nnt Ihr gerne bei den aktuellen Vorstandsmitgliedern erfragen.<\/p>\n<p style=\"text-align: justify;\">Vorweg jedoch ein kurzer \u00dcberblick wie sich mittlerweile immer mehr die Vorstandsarbeit anf\u00fchlt und was zu leisten ist:<\/p>\n<p style=\"text-align: justify;\">Schaffung von optimalen\u00a0 sportlichen, organisatorischen und infrastrukturellen Bedingungen f\u00fcr mittlerweile \u00fcber 1500 Mitglieder in allen Altersgruppen und allen Sportarten. Die daf\u00fcr zu leistende, nicht unerhebliche Arbeit ist unentgeltlich, d.h. keine Entsch\u00e4digung, Fahrtkostenerstattung oder \u00e4hnliche Verg\u00fctungen.<\/p>\n<p style=\"text-align: justify;\">Neben der Unterst\u00fctzung durch diverse Vereinsmitglieder muss allerdings in den letzten Jahren beobachtet werden, dass die Wertsch\u00e4tzung f\u00fcr diese unentgeltliche, ehrenamtliche T\u00e4tigkeit immer mehr zur\u00fcck geht. Im Gegenteil, Vorstand und die sonstigen Ehrenamtlichen m\u00fcssen sich zunehmend mit Unmengen von Belehrungen, Kritik, Verbesserungsvorschl\u00e4gen, Unterstellungen, Stimmungsmache, Forderungen, Nichtteilnahme an Arbeitseins\u00e4tzen, Nicht\u00fcbernahme von kleinen Aufgaben usw., usw. auseinandersetzen.<\/p>\n<p style=\"text-align: justify;\">Diese inzwischen leider weit verbreitete Forderungshaltung diverser Mitglieder, teilweise verbunden mit unsachlicher manchmal sogar verletzender Kritik, ist sicherlich nicht geeignet den Spa\u00df an der Arbeit zu f\u00f6rdern.\u00a0 Ebenso wenig geeignet, j\u00fcngeren Menschen den Einstieg in die ehrenamtliche Betreuung von Kindern oder die \u00dcbernahme von sonstigen Ehren\u00e4mtern zu erleichtern.<\/p>\n<p style=\"text-align: justify;\">Zum Gl\u00fcck hat unser Sportverein SW Osterfeine noch eine Menge toller, ehrenamtlich arbeitender Vereinsmitglieder.<\/p>\n<p style=\"text-align: justify;\">Damit dies auch in der Zukunft so bleibt und der OSV auch weiterhin eine gute Entwicklung nehmen soll, ist dringend ein Umdenken geboten. Jeder Einzelne ist daher aufgerufen, seine Einstellung gegen\u00fcber dem Ehrenamt, insbesondere jedoch auch gegen\u00fcber den ehrenamtlich T\u00e4tigen zu \u00fcberdenken.<\/p>\n<p style=\"text-align: justify;\">Vor allem ist es an der Zeit, die Kritiker der ehrenamtlich Arbeitenden selbst in die Verantwortung zu nehmen. Verantwortung bedeutet in diesem Zusammenhang, dass zu allererst das Vereinswohl insgesamt im Vordergrund zu stehen hat und pers\u00f6nliche oder einzelne Mannschaftsinteressen im Zweifel dahinter zur\u00fcckgestellt werden m\u00fcssen.<\/p>\n<p style=\"text-align: justify;\">Nur so wird auch in Zukunft gew\u00e4hrleistet sein, dass SW Osterfeine auch weiterhin den einmal eingeschlagenen Weg erfolgreich und im Vereinssinne beschreiten kann.<\/p>\n<p style=\"text-align: justify;\">Meldet Euch in den n\u00e4chsten Tagen und \u00fcbernehmt Verantwortung im Vorstand von SW Osterfeine.<\/p>\n<p style=\"text-align: justify;\">Der Sportverein SW Osterfeine w\u00fcnscht allen Sportlern und Zuschauern gute und faire Spiele am Wochenende und freut sich auf das Wiedersehen nach der Winterpause.<\/p>\n<p style=\"text-align: justify;\">Bernard Piening<\/p>\n","protected":false},"excerpt":{"rendered":"<p>Zum letzten Heimspiel unserer I-Herrenmannschaft gegen den TV Dinklage \u00a0im Jahr 2012 hei\u00dfen wir alle G\u00e4ste recht herzlich in Osterfeine willkommen.\u00a0 Besonders begr\u00fc\u00dfen m\u00f6chten wir unsere G\u00e4ste aus Dinklage und unsere G\u00e4ste aus Damme zum Vorspiel unserer Reservemannschaft gegen den Lokalrivalen RW Damme III.<\/p>\n","protected":false},"author":3,"featured_media":0,"comment_status":"closed","ping_status":"closed","sticky":false,"template":"","format":"standard","meta":{"footnotes":""},"categories":[37],"tags":[],"_links":{"self":[{"href":"https:\/\/sw-osterfeine.de\/index.php?rest_route=\/wp\/v2\/posts\/6285"}],"collection":[{"href":"https:\/\/sw-osterfeine.de\/index.php?rest_route=\/wp\/v2\/posts"}],"about":[{"href":"https:\/\/sw-osterfeine.de\/index.php?rest_route=\/wp\/v2\/types\/post"}],"author":[{"embeddable":true,"href":"https:\/\/sw-osterfeine.de\/index.php?rest_route=\/wp\/v2\/users\/3"}],"replies":[{"embeddable":true,"href":"https:\/\/sw-osterfeine.de\/index.php?rest_route=%2Fwp%2Fv2%2Fcomments&post=6285"}],"version-history":[{"count":5,"href":"https:\/\/sw-osterfeine.de\/index.php?rest_route=\/wp\/v2\/posts\/6285\/revisions"}],"predecessor-version":[{"id":6289,"href":"https:\/\/sw-osterfeine.de\/index.php?rest_route=\/wp\/v2\/posts\/6285\/revisions\/6289"}],"wp:attachment":[{"href":"https:\/\/sw-osterfeine.de\/index.php?rest_route=%2Fwp%2Fv2%2Fmedia&parent=6285"}],"wp:term":[{"taxonomy":"category","embeddable":true,"href":"https:\/\/sw-osterfeine.de\/index.php?rest_route=%2Fwp%2Fv2%2Fcategories&post=6285"},{"taxonomy":"post_tag","embeddable":true,"href":"https:\/\/sw-osterfeine.de\/index.php?rest_route=%2Fwp%2Fv2%2Ftags&post=6285"}],"curies":[{"name":"wp","href":"https:\/\/api.w.org\/{rel}","templated":true}]}}