{"id":6295,"date":"2012-11-23T09:57:14","date_gmt":"2012-11-23T08:57:14","guid":{"rendered":"http:\/\/sw-osterfeine.de\/?p=6295"},"modified":"2012-11-23T09:57:39","modified_gmt":"2012-11-23T08:57:39","slug":"handball-macht-spas","status":"publish","type":"post","link":"https:\/\/sw-osterfeine.de\/?p=6295","title":{"rendered":"Handball macht Spa\u00df"},"content":{"rendered":"<p style=\"text-align: justify;\">Am landesweiten \u00b4Tag des M\u00e4dchenhandballs` hat sich die Grundschule Osterfeine beteiligt. So tummelten sich 47 M\u00e4dchen am Dienstag Vormittag in der Osterfeiner Sporthalle, um unter der Leitung von Carla Adelmeyer, Trainerin im SWO und p\u00e4d. Mitarbeiterin der GS Osterfeine, und Christian Adelmeyer, BFDler beim SWO, in den Handballsport zu schnuppern.<!--more--><\/p>\n\n\t\t<style type=\"text\/css\">\n\t\t\t#gallery-1 {\n\t\t\t\tmargin: auto;\n\t\t\t}\n\t\t\t#gallery-1 .gallery-item {\n\t\t\t\tfloat: left;\n\t\t\t\tmargin-top: 10px;\n\t\t\t\ttext-align: center;\n\t\t\t\twidth: 33%;\n\t\t\t}\n\t\t\t#gallery-1 img {\n\t\t\t\tborder: 2px solid #cfcfcf;\n\t\t\t}\n\t\t\t#gallery-1 .gallery-caption {\n\t\t\t\tmargin-left: 0;\n\t\t\t}\n\t\t\t\/* see gallery_shortcode() in wp-includes\/media.php *\/\n\t\t<\/style>\n\t\t<div id='gallery-1' class='gallery galleryid-6295 gallery-columns-3 gallery-size-thumbnail'><dl class='gallery-item'>\n\t\t\t<dt class='gallery-icon landscape'>\n\t\t\t\t<a href='https:\/\/sw-osterfeine.de\/wp-content\/uploads\/2012\/11\/DSCF1536.jpg' title=\"\" data-rl_title=\"\" class=\"rl-gallery-link\" data-rl_caption=\"\" data-rel=\"lightbox-gallery-1\"><img loading=\"lazy\" decoding=\"async\" width=\"150\" height=\"150\" src=\"https:\/\/sw-osterfeine.de\/wp-content\/uploads\/2012\/11\/DSCF1536-150x150.jpg\" class=\"attachment-thumbnail size-thumbnail\" alt=\"\" \/><\/a>\n\t\t\t<\/dt><\/dl><dl class='gallery-item'>\n\t\t\t<dt class='gallery-icon landscape'>\n\t\t\t\t<a href='https:\/\/sw-osterfeine.de\/wp-content\/uploads\/2012\/11\/DSCF1532.jpg' title=\"\" data-rl_title=\"\" class=\"rl-gallery-link\" data-rl_caption=\"\" data-rel=\"lightbox-gallery-1\"><img loading=\"lazy\" decoding=\"async\" width=\"150\" height=\"150\" src=\"https:\/\/sw-osterfeine.de\/wp-content\/uploads\/2012\/11\/DSCF1532-150x150.jpg\" class=\"attachment-thumbnail size-thumbnail\" alt=\"\" \/><\/a>\n\t\t\t<\/dt><\/dl><dl class='gallery-item'>\n\t\t\t<dt class='gallery-icon landscape'>\n\t\t\t\t<a href='https:\/\/sw-osterfeine.de\/wp-content\/uploads\/2012\/11\/DSCF1531.jpg' title=\"\" data-rl_title=\"\" class=\"rl-gallery-link\" data-rl_caption=\"\" data-rel=\"lightbox-gallery-1\"><img loading=\"lazy\" decoding=\"async\" width=\"150\" height=\"150\" src=\"https:\/\/sw-osterfeine.de\/wp-content\/uploads\/2012\/11\/DSCF1531-150x150.jpg\" class=\"attachment-thumbnail size-thumbnail\" alt=\"\" \/><\/a>\n\t\t\t<\/dt><\/dl><br style=\"clear: both\" \/>\n\t\t<\/div>\n\n<p style=\"text-align: justify;\">Klassenweise absolvierten die Kinder an Vielseitigkeitsstationen \u00dcbungen, bei denen sie ihr K\u00f6nnen in Technik, Kraft, Wahrnehmung, Koordination und Zielwurf unter Beweis stellen konnten. &#8222;Alle hatten viel Spa\u00df dabei.&#8220;, schw\u00e4rmte Grundschulleiterin Sabine Mela. Die beiden Organisatoren zeigten den M\u00e4dchen \u00dcbungen, die sie in jeder Sportart anwenden k\u00f6nnen, nicht nur im Handball. Den Abschluss bildete jeweils ein Mini-Handballspiel, bei dem alle M\u00e4dchen mit Begeisterung dabei waren. Es war eine gelungene Aktion, die einmal mehr zeigte, wie gut die Kooperation zwischen Schule und Verein in Osterfeine funktioniert!<\/p>\n","protected":false},"excerpt":{"rendered":"<p>Am landesweiten \u00b4Tag des M\u00e4dchenhandballs` hat sich die Grundschule Osterfeine beteiligt. So tummelten sich 47 M\u00e4dchen am Dienstag Vormittag in der Osterfeiner Sporthalle, um unter der Leitung von Carla Adelmeyer, Trainerin im SWO und p\u00e4d. Mitarbeiterin der GS Osterfeine, und Christian Adelmeyer, BFDler beim SWO, in den Handballsport zu schnuppern.<\/p>\n","protected":false},"author":3,"featured_media":0,"comment_status":"closed","ping_status":"closed","sticky":false,"template":"","format":"standard","meta":{"footnotes":""},"categories":[1],"tags":[],"_links":{"self":[{"href":"https:\/\/sw-osterfeine.de\/index.php?rest_route=\/wp\/v2\/posts\/6295"}],"collection":[{"href":"https:\/\/sw-osterfeine.de\/index.php?rest_route=\/wp\/v2\/posts"}],"about":[{"href":"https:\/\/sw-osterfeine.de\/index.php?rest_route=\/wp\/v2\/types\/post"}],"author":[{"embeddable":true,"href":"https:\/\/sw-osterfeine.de\/index.php?rest_route=\/wp\/v2\/users\/3"}],"replies":[{"embeddable":true,"href":"https:\/\/sw-osterfeine.de\/index.php?rest_route=%2Fwp%2Fv2%2Fcomments&post=6295"}],"version-history":[{"count":2,"href":"https:\/\/sw-osterfeine.de\/index.php?rest_route=\/wp\/v2\/posts\/6295\/revisions"}],"predecessor-version":[{"id":6300,"href":"https:\/\/sw-osterfeine.de\/index.php?rest_route=\/wp\/v2\/posts\/6295\/revisions\/6300"}],"wp:attachment":[{"href":"https:\/\/sw-osterfeine.de\/index.php?rest_route=%2Fwp%2Fv2%2Fmedia&parent=6295"}],"wp:term":[{"taxonomy":"category","embeddable":true,"href":"https:\/\/sw-osterfeine.de\/index.php?rest_route=%2Fwp%2Fv2%2Fcategories&post=6295"},{"taxonomy":"post_tag","embeddable":true,"href":"https:\/\/sw-osterfeine.de\/index.php?rest_route=%2Fwp%2Fv2%2Ftags&post=6295"}],"curies":[{"name":"wp","href":"https:\/\/api.w.org\/{rel}","templated":true}]}}