{"id":6305,"date":"2012-11-29T15:11:17","date_gmt":"2012-11-29T14:11:17","guid":{"rendered":"http:\/\/sw-osterfeine.de\/?p=6305"},"modified":"2012-11-29T15:17:18","modified_gmt":"2012-11-29T14:17:18","slug":"1-b-jugend-10","status":"publish","type":"post","link":"https:\/\/sw-osterfeine.de\/?p=6305","title":{"rendered":"1. B-Jugend"},"content":{"rendered":"<p style=\"text-align: justify;\">Das zweite Spiel in der Regionsliga verlief gl\u00fccklicherweise schon deutlich besser als das Erste. Wir fuhren mit gemischten Gef\u00fchlen nach Vechta, da es bereits etliche brisante Duelle gegeben hatte. Dieses jedoch verlief v\u00f6llig ruhig. Wir starteten gut, gingen fr\u00fch mit gro\u00dfem Vorsprung in F\u00fchrung (8:2). <!--more-->Doch wieder waren es die Wechsel, die eine gewisse Unruhe auf dem Platz aufkommen lie\u00dfen. Vechta kam heran und lie\u00df sich nicht mehr so ohne weiteres absch\u00fctteln. Zur Pause ging es trotzdem mit einem Vorsprung von 3 Toren: 11 zu 8. Nach dem Wechsel kamen bei uns immer wieder Fl\u00fcchtigkeitsfehler auf, die man wohl auf eine Konditionsschw\u00e4che schieben muss. Das war dann auch der Grund, warum wir uns nicht konsequenter absetzen konnten. Daf\u00fcr haben wir den gegnerischen Torwart zu oft getroffen. Es fehlte einfach an Pr\u00e4zision in den W\u00fcrfen. Den Vorsprung von drei Toren konnten wir aber sichern und gewannen, sicherlich auch verdient, mit 23:20.<\/p>\n","protected":false},"excerpt":{"rendered":"<p>Das zweite Spiel in der Regionsliga verlief gl\u00fccklicherweise schon deutlich besser als das Erste. Wir fuhren mit gemischten Gef\u00fchlen nach Vechta, da es bereits etliche brisante Duelle gegeben hatte. Dieses jedoch verlief v\u00f6llig ruhig. Wir starteten gut, gingen fr\u00fch mit gro\u00dfem Vorsprung in F\u00fchrung (8:2).<\/p>\n","protected":false},"author":3,"featured_media":0,"comment_status":"closed","ping_status":"closed","sticky":false,"template":"","format":"standard","meta":{"footnotes":""},"categories":[1],"tags":[],"_links":{"self":[{"href":"https:\/\/sw-osterfeine.de\/index.php?rest_route=\/wp\/v2\/posts\/6305"}],"collection":[{"href":"https:\/\/sw-osterfeine.de\/index.php?rest_route=\/wp\/v2\/posts"}],"about":[{"href":"https:\/\/sw-osterfeine.de\/index.php?rest_route=\/wp\/v2\/types\/post"}],"author":[{"embeddable":true,"href":"https:\/\/sw-osterfeine.de\/index.php?rest_route=\/wp\/v2\/users\/3"}],"replies":[{"embeddable":true,"href":"https:\/\/sw-osterfeine.de\/index.php?rest_route=%2Fwp%2Fv2%2Fcomments&post=6305"}],"version-history":[{"count":4,"href":"https:\/\/sw-osterfeine.de\/index.php?rest_route=\/wp\/v2\/posts\/6305\/revisions"}],"predecessor-version":[{"id":6308,"href":"https:\/\/sw-osterfeine.de\/index.php?rest_route=\/wp\/v2\/posts\/6305\/revisions\/6308"}],"wp:attachment":[{"href":"https:\/\/sw-osterfeine.de\/index.php?rest_route=%2Fwp%2Fv2%2Fmedia&parent=6305"}],"wp:term":[{"taxonomy":"category","embeddable":true,"href":"https:\/\/sw-osterfeine.de\/index.php?rest_route=%2Fwp%2Fv2%2Fcategories&post=6305"},{"taxonomy":"post_tag","embeddable":true,"href":"https:\/\/sw-osterfeine.de\/index.php?rest_route=%2Fwp%2Fv2%2Ftags&post=6305"}],"curies":[{"name":"wp","href":"https:\/\/api.w.org\/{rel}","templated":true}]}}