{"id":6317,"date":"2012-11-30T09:07:48","date_gmt":"2012-11-30T08:07:48","guid":{"rendered":"http:\/\/sw-osterfeine.de\/?p=6317"},"modified":"2012-11-30T09:07:55","modified_gmt":"2012-11-30T08:07:55","slug":"1-b-jugend-11","status":"publish","type":"post","link":"https:\/\/sw-osterfeine.de\/?p=6317","title":{"rendered":"1. B-Jugend"},"content":{"rendered":"<p style=\"text-align: justify;\"><strong>Niederlage im Lokalderby<\/strong><\/p>\n<p style=\"text-align: justify;\">Gegen die 1. B-Jugend von Rot-Wei\u00df Damme verlor unsere B-Jugend am Sonntag mit 0:4 (0:2). Dabei hinterlie\u00df die junge Mannschaft einen guten Eindruck und machte die Hoffnungen der ambitionierten Gastgeber auf einen hohen Sieg zunichte.<!--more--><\/p>\n<p style=\"text-align: justify;\">\u201eAls klarer Favorit\u201c (Zitat Rot-Wei\u00df-Kurier) gingen die Dammer in diese Begegnung. Die ehemalige C-Junioren-Bezirksligatruppe hat den Aufstieg vor Augen; entsprechend selbstbewusst, motiviert, taktisch und technisch geschult trat sie im Dersa-Sportpark auf.<\/p>\n<p style=\"text-align: justify;\">Aber der Tabellenzweite fand zun\u00e4chst gegen unsere gut organisierte Abwehr kein Mittel. Erst ein Ecksto\u00df verschaffte den Rot-Wei\u00dfen die ersehnte F\u00fchrung (21.); im Gegenzug verzog St\u00e4rk nach Querpass Fangmann (24.). Der Favorit \u00fcbernahmen wieder die Kontrolle, baute geschickt sein Spiel von hinten auf, gelangte aber nur selten vor unser Tor. Eine Einzelaktion \u2013 Torschuss von der Strafraumgrenze \u2013 brachte dann das f\u00fcr Damme er\u00adl\u00f6sende 2:0 (31.).<\/p>\n<p style=\"text-align: justify;\">Nach dem Wechsel zeigten sich die Dammer engagierter und bearbeiteten unser Tor in\u00adtensiver. Mehrmals musste Middendorf in letzter Sekunde retten oder verhinderten Pfos\u00adten und Latte weitere Gegentreffer. Unter diesem Druck ging bei uns die Ordnung verlo\u00adren, was Richter zum 3:0 ausnutzte (55.) und sp\u00e4ter zum 4:0 f\u00fchrte (60., aus dem Ge\u00adw\u00fchl). Doch unsere Mannschaft fing sich wieder und wehrte alle weiteren Angriffe ab. Zum Schluss vers\u00e4umte es abermals St\u00e4rk, den Rot-Wei\u00dfen ihren vierten Gegentreffer in der laufenden Saison einzuschenken (72.).<\/p>\n<p style=\"text-align: justify;\"><strong>Fazit<\/strong>: Eine erwartete Niederlage gegen die wieder erstarkte 1. B-Jugend von RW Dam\u00adme. Unsere Mannschaft setzte die Vorgaben des Trainers gut um und gelangte dabei an ihre physischen und psychischen Grenzen. Mit diesem Auftreten werden wir uns weiter verbessern.<\/p>\n<p style=\"text-align: justify;\"><strong>Aufstellung<\/strong>: Middendorf \u2013 Schnuck \u2013 Kuhlmann (33. Lampe), Wehming, Rolfsen \u2013 Selke (78. Kuhlmann) \u2013 A. Meyer (74. Xu), St\u00e4rk, Osterhues (64. Pohlschneider), Kampsen (64. von Lehmden) \u2013 Fangmann<\/p>\n<p style=\"text-align: justify;\">Zum letzten Spiel der Hinrunde erwarten wir am 2. Dezember (So) die Bezirksliga-Reserve des VfL Oythe, Ansto\u00df ist um 10:30 Uhr in Osterfeine, Platz 2.<\/p>\n<p style=\"text-align: right;\" align=\"right\"><em>Heinrich Kruthaup, Co-Trainer<\/em><\/p>\n","protected":false},"excerpt":{"rendered":"<p>Niederlage im Lokalderby Gegen die 1. B-Jugend von Rot-Wei\u00df Damme verlor unsere B-Jugend am Sonntag mit 0:4 (0:2). Dabei hinterlie\u00df die junge Mannschaft einen guten Eindruck und machte die Hoffnungen der ambitionierten Gastgeber auf einen hohen Sieg zunichte.<\/p>\n","protected":false},"author":3,"featured_media":0,"comment_status":"closed","ping_status":"closed","sticky":false,"template":"","format":"standard","meta":{"footnotes":""},"categories":[3],"tags":[],"_links":{"self":[{"href":"https:\/\/sw-osterfeine.de\/index.php?rest_route=\/wp\/v2\/posts\/6317"}],"collection":[{"href":"https:\/\/sw-osterfeine.de\/index.php?rest_route=\/wp\/v2\/posts"}],"about":[{"href":"https:\/\/sw-osterfeine.de\/index.php?rest_route=\/wp\/v2\/types\/post"}],"author":[{"embeddable":true,"href":"https:\/\/sw-osterfeine.de\/index.php?rest_route=\/wp\/v2\/users\/3"}],"replies":[{"embeddable":true,"href":"https:\/\/sw-osterfeine.de\/index.php?rest_route=%2Fwp%2Fv2%2Fcomments&post=6317"}],"version-history":[{"count":3,"href":"https:\/\/sw-osterfeine.de\/index.php?rest_route=\/wp\/v2\/posts\/6317\/revisions"}],"predecessor-version":[{"id":6320,"href":"https:\/\/sw-osterfeine.de\/index.php?rest_route=\/wp\/v2\/posts\/6317\/revisions\/6320"}],"wp:attachment":[{"href":"https:\/\/sw-osterfeine.de\/index.php?rest_route=%2Fwp%2Fv2%2Fmedia&parent=6317"}],"wp:term":[{"taxonomy":"category","embeddable":true,"href":"https:\/\/sw-osterfeine.de\/index.php?rest_route=%2Fwp%2Fv2%2Fcategories&post=6317"},{"taxonomy":"post_tag","embeddable":true,"href":"https:\/\/sw-osterfeine.de\/index.php?rest_route=%2Fwp%2Fv2%2Ftags&post=6317"}],"curies":[{"name":"wp","href":"https:\/\/api.w.org\/{rel}","templated":true}]}}