{"id":6448,"date":"2013-01-02T16:46:31","date_gmt":"2013-01-02T15:46:31","guid":{"rendered":"http:\/\/sw-osterfeine.de\/?p=6448"},"modified":"2013-01-03T14:38:04","modified_gmt":"2013-01-03T13:38:04","slug":"jahresabschlus-beim-sylvesterlauf-in-muhlen","status":"publish","type":"post","link":"https:\/\/sw-osterfeine.de\/?p=6448","title":{"rendered":"Jahresabschlu\u00df beim Silvesterlauf in M\u00fchlen"},"content":{"rendered":"<p style=\"text-align: justify;\">Der Abschluss unseres ersten Lauftreff-Jahres fand beim Silvesterlauf in M\u00fchlen statt. Kurz vor dem Jahreswechsel konnten wir mit einer starken Beteiligung von 7 Teilnehmern an den Start gehen. <!--more-->Insgesamt z\u00e4hlte das L\u00e4uferfeld 1015 Teilnehmer, ein neuer Rekord f\u00fcr die M\u00fchlener. Bei trockenem, aber (r\u00fccken-) windigem Wetter waren die \u00e4usseren Bedingungen nicht schlecht, zumal wir uns vor dem Start mit einem Neujahrsschluck warm gemacht haben.<\/p>\n<p>Laufergebnisse:<\/p>\n<p><span style=\"text-decoration: underline;\"><strong>6,5 km Distanz (168 L\u00e4ufer \/ m):<\/strong><\/span><\/p>\n<p>M\u00f6nnich Theo: 35:26.25 \/ Rang 95<\/p>\n<p><span style=\"text-decoration: underline;\"><strong>10 km Distanz (366 L\u00e4ufer \/ m)<\/strong><\/span>:<\/p>\n<p>Schildmeyer, Bernd: 44:53.39 \/ Rang 91<br \/>\nLapke, Hans J\u00fcrgen: 45:10.08 \/ Rang 96<br \/>\nBorgerding, Felix: 48:46.92 \/ Rang 164<br \/>\nZerhusen, Frank: 48:48.56 \/ Rang 165<br \/>\nRobke, Andreas: 50:02.38 \/ Rang 215<br \/>\nNordmann, Frank: 51:42.06 \/ Rang 261<br \/>\nMiddendorf, Marco: 52:31.57 \/ Rang 272<\/p>\n<p>Mit diesen guten Ergebnissen verabschieden wir uns von 2012 und w\u00fcnschen allen Sportlern von SW Osterfeine ein gesundes und erfolgreiches Jahr 2013. F\u00fcr den Lauftreff ein ganz besonderes Jahr, denn die Vorbereitungen auf unser erstes, eigens veranstaltetes Laufevent am 03. Oktober sind in vollem Gange. N\u00e4here Informationen findet Ihr unter dem Reiter &#8222;Lauftreff&#8220;. Weitere Details folgen in K\u00fcrze.<\/p>\n\n\t\t<style type=\"text\/css\">\n\t\t\t#gallery-1 {\n\t\t\t\tmargin: auto;\n\t\t\t}\n\t\t\t#gallery-1 .gallery-item {\n\t\t\t\tfloat: left;\n\t\t\t\tmargin-top: 10px;\n\t\t\t\ttext-align: center;\n\t\t\t\twidth: 50%;\n\t\t\t}\n\t\t\t#gallery-1 img {\n\t\t\t\tborder: 2px solid #cfcfcf;\n\t\t\t}\n\t\t\t#gallery-1 .gallery-caption {\n\t\t\t\tmargin-left: 0;\n\t\t\t}\n\t\t\t\/* see gallery_shortcode() in wp-includes\/media.php *\/\n\t\t<\/style>\n\t\t<div id='gallery-1' class='gallery galleryid-6448 gallery-columns-2 gallery-size-thumbnail'><dl class='gallery-item'>\n\t\t\t<dt class='gallery-icon portrait'>\n\t\t\t\t<a href='https:\/\/sw-osterfeine.de\/wp-content\/uploads\/2013\/01\/Part_1.2.jpeg' title=\"\" data-rl_title=\"\" class=\"rl-gallery-link\" data-rl_caption=\"\" data-rel=\"lightbox-gallery-1\"><img loading=\"lazy\" decoding=\"async\" width=\"150\" height=\"150\" src=\"https:\/\/sw-osterfeine.de\/wp-content\/uploads\/2013\/01\/Part_1.2-150x150.jpeg\" class=\"attachment-thumbnail size-thumbnail\" alt=\"\" \/><\/a>\n\t\t\t<\/dt><\/dl><dl class='gallery-item'>\n\t\t\t<dt class='gallery-icon portrait'>\n\t\t\t\t<a href='https:\/\/sw-osterfeine.de\/wp-content\/uploads\/2013\/01\/phoca_thumb_l_195529__mg_5520.jpg' title=\"\" data-rl_title=\"\" class=\"rl-gallery-link\" data-rl_caption=\"\" data-rel=\"lightbox-gallery-1\"><img loading=\"lazy\" decoding=\"async\" width=\"150\" height=\"150\" src=\"https:\/\/sw-osterfeine.de\/wp-content\/uploads\/2013\/01\/phoca_thumb_l_195529__mg_5520-150x150.jpg\" class=\"attachment-thumbnail size-thumbnail\" alt=\"\" \/><\/a>\n\t\t\t<\/dt><\/dl><br style=\"clear: both\" \/>\n\t\t<\/div>\n\n","protected":false},"excerpt":{"rendered":"<p>Der Abschluss unseres ersten Lauftreff-Jahres fand beim Silvesterlauf in M\u00fchlen statt. Kurz vor dem Jahreswechsel konnten wir mit einer starken Beteiligung von 7 Teilnehmern an den Start gehen.<\/p>\n","protected":false},"author":3,"featured_media":0,"comment_status":"closed","ping_status":"closed","sticky":false,"template":"","format":"standard","meta":{"footnotes":""},"categories":[38],"tags":[],"_links":{"self":[{"href":"https:\/\/sw-osterfeine.de\/index.php?rest_route=\/wp\/v2\/posts\/6448"}],"collection":[{"href":"https:\/\/sw-osterfeine.de\/index.php?rest_route=\/wp\/v2\/posts"}],"about":[{"href":"https:\/\/sw-osterfeine.de\/index.php?rest_route=\/wp\/v2\/types\/post"}],"author":[{"embeddable":true,"href":"https:\/\/sw-osterfeine.de\/index.php?rest_route=\/wp\/v2\/users\/3"}],"replies":[{"embeddable":true,"href":"https:\/\/sw-osterfeine.de\/index.php?rest_route=%2Fwp%2Fv2%2Fcomments&post=6448"}],"version-history":[{"count":7,"href":"https:\/\/sw-osterfeine.de\/index.php?rest_route=\/wp\/v2\/posts\/6448\/revisions"}],"predecessor-version":[{"id":6459,"href":"https:\/\/sw-osterfeine.de\/index.php?rest_route=\/wp\/v2\/posts\/6448\/revisions\/6459"}],"wp:attachment":[{"href":"https:\/\/sw-osterfeine.de\/index.php?rest_route=%2Fwp%2Fv2%2Fmedia&parent=6448"}],"wp:term":[{"taxonomy":"category","embeddable":true,"href":"https:\/\/sw-osterfeine.de\/index.php?rest_route=%2Fwp%2Fv2%2Fcategories&post=6448"},{"taxonomy":"post_tag","embeddable":true,"href":"https:\/\/sw-osterfeine.de\/index.php?rest_route=%2Fwp%2Fv2%2Ftags&post=6448"}],"curies":[{"name":"wp","href":"https:\/\/api.w.org\/{rel}","templated":true}]}}