{"id":6478,"date":"2013-01-07T09:27:12","date_gmt":"2013-01-07T08:27:12","guid":{"rendered":"http:\/\/sw-osterfeine.de\/?p=6478"},"modified":"2013-01-07T09:29:29","modified_gmt":"2013-01-07T08:29:29","slug":"1-f-jugend-von-swo-zu-gast-im-laola-fusballcenter-ahlhorn","status":"publish","type":"post","link":"https:\/\/sw-osterfeine.de\/?p=6478","title":{"rendered":"1.F-Jugend von SWO zu Gast im Laola-Fu\u00dfballcenter Ahlhorn"},"content":{"rendered":"<p style=\"text-align: justify;\">Zum Jahresende 2012 ist die 1.-F Jugendmannschaft von Schwarz-Wei\u00df Osterfeine nochmal\u00a0richtig aktiv gewesen. Da die Hallensaison mittlerweile ja schon auf Hochtouren l\u00e4uft, haben die Trainer der 1. F Jugend, Frank B\u00f6ckmann, Andreas Deters und J\u00fcrgen Jacob, f\u00fcr die Mannschaft noch einmal ein besonderes Erlebnis zum Jahresabschluss vorbereitet.<!--more--><\/p>\n<p style=\"text-align: justify;\">\n<p style=\"text-align: justify;\">Am 27.Dezember ging es zum Indoor-Fu\u00dfball in die Laola-Soccerhalle nach Ahlhorn im Landkreis Oldenburg. Zusammen mit Spielervater Heinrich gr. Kl\u00f6nne als beliebten Chauffeur des \u201eSpielerbusses\u201c, machten sich die jungen Fu\u00dfballer und die drei Trainer auf den Weg nach Ahlhorn. Maximilian B\u00f6ckmann, Arne Jacob, Aron Decker und Jannik Bornhorst verst\u00e4rkten die Mannschaft, da zwei Spieler nicht teilnehmen konnten.<\/p>\n<p style=\"text-align: justify;\">\n<p style=\"text-align: justify;\">Die ehemalige Tennishalle in Ahlhorn ist mittlerweile zu einem echten Indoor-Fu\u00dfballcenter umfunktioniert. Es stehen den Spielern drei gro\u00dfe Spielfelder von ca. 15 x 30 Meter zur Verf\u00fcgung. Ein toller Kunstrasenplatz wird rundum von einer festen Bande umgeben. In diese Bande sind zwei Jugendtore integriert. Durch das zus\u00e4tzlich angebrachte Fangnetz, auch \u00fcber dem Spielfeld, wird garantiert, dass der Ball immer im Spiel ist.<\/p>\n<p style=\"text-align: justify;\">\n<p style=\"text-align: justify;\">Wir konnten aus allen Spielern und Betreuern drei Mannschaften bilden und haben ohne gro\u00dfen Druck, daf\u00fcr aber mit jeder Menge Spa\u00df, 90 Minuten lang richtig Gas gegeben. Sicherlich mussten wir uns auf die ungewohnte Umgebung mit Kunstrasen und der Rundumbande kurz einstellen aber dann lief der Ball richtig gut unter den Spielern. Alle haben sich wirklich voll reingeh\u00e4ngt und hatten sichtlich ihren Spa\u00df dabei. Hier konnten alle Jungs selber an sich arbeiten, gerade auch auf engem Raum miteinander spielen lernen und dabei den Gegner stets im Nacken zu sp\u00fcren.<\/p>\n<p style=\"text-align: justify;\">\n<p style=\"text-align: justify;\">Nach kurzweiligen 90 Minuten waren dann auch alle sichtlich geschafft. In einem waren sich die Spieler und Trainer aber einig &#8211; Fu\u00dfballspielen unter diesen Rahmenbedingungen macht richtig Spa\u00df und ein erneuter Termin in einer solchen Halle muss unbedingt folgen.<\/p>\n<p style=\"text-align: justify;\">\n<p style=\"text-align: justify;\">Es w\u00e4re nur zu bef\u00fcrworten, wenn sich so eine M\u00f6glichkeit zum Indoor-Fu\u00dfball, wie ja auch schon diskutiert, vielleicht auch schon bald bei uns in der N\u00e4he umsetzen lassen w\u00fcrde. Hier sollte sich der Verein unbedingt mit einbringen.<\/p>\n<p style=\"text-align: justify;\">\n<p style=\"text-align: justify;\">F\u00fcr die 1. F Jugend<\/p>\n<p style=\"text-align: justify;\">(J\u00fcrgen Jacob)<\/p>\n<p style=\"text-align: justify;\"><a href=\"https:\/\/sw-osterfeine.de\/wp-content\/uploads\/2013\/01\/IMG_3862.jpg\" data-rel=\"lightbox-image-0\" data-rl_title=\"\" data-rl_caption=\"\"><img loading=\"lazy\" decoding=\"async\" class=\"alignnone size-medium wp-image-6483\" title=\"\" src=\"https:\/\/sw-osterfeine.de\/wp-content\/uploads\/2013\/01\/IMG_3862-300x225.jpg\" alt=\"\" width=\"300\" height=\"225\" srcset=\"https:\/\/sw-osterfeine.de\/wp-content\/uploads\/2013\/01\/IMG_3862-300x225.jpg 300w, https:\/\/sw-osterfeine.de\/wp-content\/uploads\/2013\/01\/IMG_3862.jpg 360w\" sizes=\"(max-width: 300px) 100vw, 300px\" \/><\/a><a href=\"https:\/\/sw-osterfeine.de\/wp-content\/uploads\/2013\/01\/IMG_3872.jpg\" data-rel=\"lightbox-image-1\" data-rl_title=\"\" data-rl_caption=\"\"><img loading=\"lazy\" decoding=\"async\" class=\"alignnone size-medium wp-image-6484\" title=\"\" src=\"https:\/\/sw-osterfeine.de\/wp-content\/uploads\/2013\/01\/IMG_3872-300x225.jpg\" alt=\"\" width=\"300\" height=\"225\" srcset=\"https:\/\/sw-osterfeine.de\/wp-content\/uploads\/2013\/01\/IMG_3872-300x225.jpg 300w, https:\/\/sw-osterfeine.de\/wp-content\/uploads\/2013\/01\/IMG_3872.jpg 360w\" sizes=\"(max-width: 300px) 100vw, 300px\" \/><\/a><a href=\"https:\/\/sw-osterfeine.de\/wp-content\/uploads\/2013\/01\/IMG_3875.jpg\" data-rel=\"lightbox-image-2\" data-rl_title=\"\" data-rl_caption=\"\"><img loading=\"lazy\" decoding=\"async\" class=\"alignnone size-medium wp-image-6485\" title=\"\" src=\"https:\/\/sw-osterfeine.de\/wp-content\/uploads\/2013\/01\/IMG_3875-300x225.jpg\" alt=\"\" width=\"300\" height=\"225\" srcset=\"https:\/\/sw-osterfeine.de\/wp-content\/uploads\/2013\/01\/IMG_3875-300x225.jpg 300w, https:\/\/sw-osterfeine.de\/wp-content\/uploads\/2013\/01\/IMG_3875.jpg 360w\" sizes=\"(max-width: 300px) 100vw, 300px\" \/><\/a><a href=\"https:\/\/sw-osterfeine.de\/wp-content\/uploads\/2013\/01\/IMG_3879.jpg\" data-rel=\"lightbox-image-3\" data-rl_title=\"\" data-rl_caption=\"\"><img loading=\"lazy\" decoding=\"async\" class=\"alignnone size-medium wp-image-6486\" title=\"\" src=\"https:\/\/sw-osterfeine.de\/wp-content\/uploads\/2013\/01\/IMG_3879-300x225.jpg\" alt=\"\" width=\"300\" height=\"225\" srcset=\"https:\/\/sw-osterfeine.de\/wp-content\/uploads\/2013\/01\/IMG_3879-300x225.jpg 300w, https:\/\/sw-osterfeine.de\/wp-content\/uploads\/2013\/01\/IMG_3879.jpg 360w\" sizes=\"(max-width: 300px) 100vw, 300px\" \/><\/a><a href=\"https:\/\/sw-osterfeine.de\/wp-content\/uploads\/2013\/01\/IMG_3904.jpg\" data-rel=\"lightbox-image-4\" data-rl_title=\"\" data-rl_caption=\"\"><img loading=\"lazy\" decoding=\"async\" class=\"alignnone size-medium wp-image-6487\" title=\"\" src=\"https:\/\/sw-osterfeine.de\/wp-content\/uploads\/2013\/01\/IMG_3904-225x300.jpg\" alt=\"\" width=\"225\" height=\"300\" srcset=\"https:\/\/sw-osterfeine.de\/wp-content\/uploads\/2013\/01\/IMG_3904-225x300.jpg 225w, https:\/\/sw-osterfeine.de\/wp-content\/uploads\/2013\/01\/IMG_3904.jpg 270w\" sizes=\"(max-width: 225px) 100vw, 225px\" \/><\/a><a href=\"https:\/\/sw-osterfeine.de\/wp-content\/uploads\/2013\/01\/IMG_3909.jpg\" data-rel=\"lightbox-image-5\" data-rl_title=\"\" data-rl_caption=\"\"><img loading=\"lazy\" decoding=\"async\" class=\"alignnone size-medium wp-image-6488\" title=\"\" src=\"https:\/\/sw-osterfeine.de\/wp-content\/uploads\/2013\/01\/IMG_3909-300x225.jpg\" alt=\"\" width=\"300\" height=\"225\" srcset=\"https:\/\/sw-osterfeine.de\/wp-content\/uploads\/2013\/01\/IMG_3909-300x225.jpg 300w, https:\/\/sw-osterfeine.de\/wp-content\/uploads\/2013\/01\/IMG_3909.jpg 360w\" sizes=\"(max-width: 300px) 100vw, 300px\" \/><\/a><\/p>\n","protected":false},"excerpt":{"rendered":"<p>Zum Jahresende 2012 ist die 1.-F Jugendmannschaft von Schwarz-Wei\u00df Osterfeine nochmal\u00a0richtig aktiv gewesen. Da die Hallensaison mittlerweile ja schon auf Hochtouren l\u00e4uft, haben die Trainer der 1. F Jugend, Frank B\u00f6ckmann, Andreas Deters und J\u00fcrgen Jacob, f\u00fcr die Mannschaft noch einmal ein besonderes Erlebnis zum Jahresabschluss vorbereitet.<\/p>\n","protected":false},"author":3,"featured_media":0,"comment_status":"closed","ping_status":"closed","sticky":false,"template":"","format":"standard","meta":{"footnotes":""},"categories":[3],"tags":[],"_links":{"self":[{"href":"https:\/\/sw-osterfeine.de\/index.php?rest_route=\/wp\/v2\/posts\/6478"}],"collection":[{"href":"https:\/\/sw-osterfeine.de\/index.php?rest_route=\/wp\/v2\/posts"}],"about":[{"href":"https:\/\/sw-osterfeine.de\/index.php?rest_route=\/wp\/v2\/types\/post"}],"author":[{"embeddable":true,"href":"https:\/\/sw-osterfeine.de\/index.php?rest_route=\/wp\/v2\/users\/3"}],"replies":[{"embeddable":true,"href":"https:\/\/sw-osterfeine.de\/index.php?rest_route=%2Fwp%2Fv2%2Fcomments&post=6478"}],"version-history":[{"count":6,"href":"https:\/\/sw-osterfeine.de\/index.php?rest_route=\/wp\/v2\/posts\/6478\/revisions"}],"predecessor-version":[{"id":6495,"href":"https:\/\/sw-osterfeine.de\/index.php?rest_route=\/wp\/v2\/posts\/6478\/revisions\/6495"}],"wp:attachment":[{"href":"https:\/\/sw-osterfeine.de\/index.php?rest_route=%2Fwp%2Fv2%2Fmedia&parent=6478"}],"wp:term":[{"taxonomy":"category","embeddable":true,"href":"https:\/\/sw-osterfeine.de\/index.php?rest_route=%2Fwp%2Fv2%2Fcategories&post=6478"},{"taxonomy":"post_tag","embeddable":true,"href":"https:\/\/sw-osterfeine.de\/index.php?rest_route=%2Fwp%2Fv2%2Ftags&post=6478"}],"curies":[{"name":"wp","href":"https:\/\/api.w.org\/{rel}","templated":true}]}}