{"id":6504,"date":"2013-01-10T16:15:06","date_gmt":"2013-01-10T15:15:06","guid":{"rendered":"http:\/\/sw-osterfeine.de\/?p=6504"},"modified":"2013-01-10T16:15:38","modified_gmt":"2013-01-10T15:15:38","slug":"nachlese-zur-nikolausfeier-der-g-und-f-jugendfussballer","status":"publish","type":"post","link":"https:\/\/sw-osterfeine.de\/?p=6504","title":{"rendered":"Nachlese zur Nikolausfeier der G- und F-Jugendfussballer"},"content":{"rendered":"<p style=\"text-align: justify;\">Am 07.Dezember hat unser Verein, nach der Neuauflage im Jahr 2011, zur zweiten Nikolausfeier f\u00fcr die j\u00fcngsten Fu\u00dfballer von SWO eingeladen.<!--more--><\/p>\n<p style=\"text-align: justify;\">Bereits bei der letztj\u00e4hrigen Feier war der Zuspruch der jungen Fu\u00dfballer enorm, sodass es als sicher galt, diese gute alte Tradition in unserem Jugendbereich weiter aufleben zu lassen.<\/p>\n<p style=\"text-align: justify;\">Auch in diesem Jahr wurden wieder alle Fu\u00dfballer der G-Jugendmannschaften und der F-Jugendmannschaften von SWO eingeladen. An die 70 Kinder (!!!) sind der Einladung gefolgt und haben sich im Vorfeld f\u00fcr die Nikolausfeier angemeldet.<\/p>\n<p style=\"text-align: justify;\">Aber es waren nicht nur die Spieler, sondern\u00a0 auch Geschwisterkinder, Spielereltern und Gro\u00dfeltern herzlich eingeladen. Letztlich konnten die Hauptorganisatoren um Frank B\u00f6ckmann und Hansi Lapke, ebenso viele Eltern zu Beginn der Feier begr\u00fc\u00dfen. Erfreulich war auch, dass viele Gro\u00dfeltern der Einladung gerne gefolgt sind.<\/p>\n<p style=\"text-align: justify;\">F\u00fcr die Kinder stand die Sporthalle mit allen verf\u00fcgbaren Sportger\u00e4ten f\u00fcr die Dauer von fast drei Stunden zur Verf\u00fcgung. Alle Kinder hatten Spa\u00df daran sich auszutoben, auch wenn das runde Leder mal nicht nur im Vordergrund stand. Die Erwachsenen auf der Trib\u00fcne konnten dem Treiben auf dem Spielfeld zusehen oder im Clubraum von Schwarz-Wei\u00df bei einer hei\u00dfen Tasse Kaffee und Kuchen gute Gespr\u00e4che f\u00fchren. Zeitweise war kein Sitzplatz mehr zu bekommen. Die Versorgung von Eltern und Gro\u00dfeltern sowie der Kinder wurde durch die flei\u00dfigen H\u00e4nde einiger Trainerfrauen prima geleistet. Ein gro\u00dfes Dankesch\u00f6n daf\u00fcr!<\/p>\n<p style=\"text-align: justify;\">Da es dem hl. Nikolaus, aufgrund eines kapitalen Kufenschadens an seinem Schlitten, nicht mehr m\u00f6glich war pers\u00f6nlich zu erscheinen, hat er kurzfristig den Knecht Ruprecht damit beauftragt f\u00fcr alle Kinder zumindest einen gro\u00dfen Schokoladen-Nikolaus in die Sporthalle zu bringen. Diese waren dann auch bei den Kindern sehr begehrt, so dass mancher dieser guten M\u00e4nner noch vor dem Abschluss der Feier seinen Kopf verlor.<\/p>\n<p style=\"text-align: justify;\">J\u00fcrgen Jacob<\/p>\n<p style=\"text-align: justify;\">(1.F-Jugend, SWO)<\/p>\n","protected":false},"excerpt":{"rendered":"<p>Am 07.Dezember hat unser Verein, nach der Neuauflage im Jahr 2011, zur zweiten Nikolausfeier f\u00fcr die j\u00fcngsten Fu\u00dfballer von SWO eingeladen.<\/p>\n","protected":false},"author":3,"featured_media":0,"comment_status":"closed","ping_status":"closed","sticky":false,"template":"","format":"standard","meta":{"footnotes":""},"categories":[3],"tags":[],"_links":{"self":[{"href":"https:\/\/sw-osterfeine.de\/index.php?rest_route=\/wp\/v2\/posts\/6504"}],"collection":[{"href":"https:\/\/sw-osterfeine.de\/index.php?rest_route=\/wp\/v2\/posts"}],"about":[{"href":"https:\/\/sw-osterfeine.de\/index.php?rest_route=\/wp\/v2\/types\/post"}],"author":[{"embeddable":true,"href":"https:\/\/sw-osterfeine.de\/index.php?rest_route=\/wp\/v2\/users\/3"}],"replies":[{"embeddable":true,"href":"https:\/\/sw-osterfeine.de\/index.php?rest_route=%2Fwp%2Fv2%2Fcomments&post=6504"}],"version-history":[{"count":2,"href":"https:\/\/sw-osterfeine.de\/index.php?rest_route=\/wp\/v2\/posts\/6504\/revisions"}],"predecessor-version":[{"id":6506,"href":"https:\/\/sw-osterfeine.de\/index.php?rest_route=\/wp\/v2\/posts\/6504\/revisions\/6506"}],"wp:attachment":[{"href":"https:\/\/sw-osterfeine.de\/index.php?rest_route=%2Fwp%2Fv2%2Fmedia&parent=6504"}],"wp:term":[{"taxonomy":"category","embeddable":true,"href":"https:\/\/sw-osterfeine.de\/index.php?rest_route=%2Fwp%2Fv2%2Fcategories&post=6504"},{"taxonomy":"post_tag","embeddable":true,"href":"https:\/\/sw-osterfeine.de\/index.php?rest_route=%2Fwp%2Fv2%2Ftags&post=6504"}],"curies":[{"name":"wp","href":"https:\/\/api.w.org\/{rel}","templated":true}]}}