{"id":6525,"date":"2013-01-18T09:55:00","date_gmt":"2013-01-18T08:55:00","guid":{"rendered":"http:\/\/sw-osterfeine.de\/?p=6525"},"modified":"2013-01-18T09:55:00","modified_gmt":"2013-01-18T08:55:00","slug":"2-c-jugend-3","status":"publish","type":"post","link":"https:\/\/sw-osterfeine.de\/?p=6525","title":{"rendered":"2. C-Jugend"},"content":{"rendered":"<p style=\"text-align: justify;\"><span style=\"text-decoration: underline;\">Regionsliga, weibl. C-Jugend 12\/13<\/span><\/p>\n<p style=\"text-align: justify;\">Die Punktspiele vom 5. Januar 2013<\/p>\n<p style=\"text-align: justify;\">SW Osterfeine II &#8211; TV Dinklage II \u00a0 \u00a0 \u00a0 \u00a0 31 : 15<\/p>\n<p style=\"text-align: justify;\">Fr. Goldenstedt II &#8211; BW Lohne II \u00a0 \u00a0 \u00a0 \u00a0 \u00a028 : 28<\/p>\n<p style=\"text-align: justify;\">SFN Vechta II &#8211; RW Damme \u00a0 \u00a0 \u00a0 \u00a0 \u00a0 \u00a0 \u00a0 \u00a0 \u00a019 : 19<!--more--><\/p>\n<p style=\"text-align: justify;\">Erfreulicher Weise holten drei Mannschaften aus dem unteren Tabellendrittel einige Punkte. Den Vogel schoss dabei Osterfeine II ab und landete einen \u00fcberraschenden (hohen) Heimsieg gegen Dinklage II. F\u00fcr die Schwarz-Wei\u00dfen ist es der erste Saisonsieg. Der Tabellenneunte Goldenstedt II schaffte ein Punktgewinn zu Hause gegen BW Lohne II und bleibt in eigener Halle weiter ungeschlagen. Hubert B\u00fcrmann (hauptamtlicher Trainer bei SFN Vechta) genoss das 19:19-Remis seiner Mannschaft gegen den rangf\u00fcnften RW Damme.<\/p>\n<p style=\"text-align: justify;\">Spieltag vom 12.\/13. Januar und die aktuelle Tabelle gibt es hier nachzulesen:\u00a0<a title=\"hier\" href=\"http:\/\/sis-handball.de\/web\/AktuelleSeite\/?view=AktuelleSeite&amp;Liga=001513501501511503503000000000000005000\">http:\/\/sis-handball.de\/web\/AktuelleSeite\/?view=AktuelleSeite&amp;Liga=001513501501511503503000000000000005000<\/a><\/p>\n<p style=\"text-align: justify;\"><span style=\"text-decoration: underline;\">Spielbericht zum Spiel gegen TV Dinklage II:<\/span><\/p>\n<p style=\"text-align: justify;\">Gut vorbereitet ging unsere &#8222;Reserve-C-Jugend&#8220; ins neue Jahr und landete den ersten Saisonsieg mit 31:15 (14:7) in eigener Halle gegen den Tabellensiebten TV Dinklage II. Gro\u00df war die Freude bei den interessierten Eltern und Coach Knochenwefel \u00fcber die ersten (langersehnten) Punkte nach 11 Niederlagen in Folge. Immer besser in Form kommt SWO-Torh\u00fcterin Jennifer Grimme nach mehrmonatiger Verletzungspause, wodurch auch die 1-5-Abwehrreihe der Schwarz-Wei\u00dfen profitiert. Ein Lob gilt auch dem Schiedsrichtergespann Isabell Hackmann und Mandy Koplin.<\/p>\n<p style=\"text-align: justify;\">SW Osterfeine II spielte mit folgender Aufstellung:<\/p>\n<p style=\"text-align: justify;\">Jennifer Grimme, Annika Deters, Tanita Gr\u00e4fe, Sabrina von der Heiden (5 Tore), Kati H\u00f6rnschemeyer (11), Madita Kamphaus (2), Josi gr. Kl\u00f6nne (3), Anna Koch (1), Annalena L\u00fcbbehusen (2), Carolin Meyer (1), Lisa Meyer (6), Milena Ossenbeck, Saskia Reichert, Carolin Rolfsen.<\/p>\n<p style=\"text-align: justify;\">Ein &#8222;Dankesch\u00f6n&#8220; gilt Annalena Meyerrose, die wegen einer Fingerverletzung nicht spielen konnte. Sie sprang als &#8222;Sekret\u00e4rin&#8220; am Zeitnehmertisch ein.<\/p>\n<p style=\"text-align: justify;\">Mit sportlichem Gru\u00df,<\/p>\n<p style=\"text-align: justify;\">Andreas Knochenwefel<\/p>\n","protected":false},"excerpt":{"rendered":"<p>Regionsliga, weibl. C-Jugend 12\/13 Die Punktspiele vom 5. Januar 2013 SW Osterfeine II &#8211; TV Dinklage II \u00a0 \u00a0 \u00a0 \u00a0 31 : 15 Fr. Goldenstedt II &#8211; BW Lohne II \u00a0 \u00a0 \u00a0 \u00a0 \u00a028 : 28 SFN Vechta II &#8211; RW Damme \u00a0 \u00a0 \u00a0 \u00a0 \u00a0 \u00a0 \u00a0 \u00a0 \u00a019 : 19<\/p>\n","protected":false},"author":3,"featured_media":0,"comment_status":"closed","ping_status":"closed","sticky":false,"template":"","format":"standard","meta":{"footnotes":""},"categories":[1],"tags":[],"_links":{"self":[{"href":"https:\/\/sw-osterfeine.de\/index.php?rest_route=\/wp\/v2\/posts\/6525"}],"collection":[{"href":"https:\/\/sw-osterfeine.de\/index.php?rest_route=\/wp\/v2\/posts"}],"about":[{"href":"https:\/\/sw-osterfeine.de\/index.php?rest_route=\/wp\/v2\/types\/post"}],"author":[{"embeddable":true,"href":"https:\/\/sw-osterfeine.de\/index.php?rest_route=\/wp\/v2\/users\/3"}],"replies":[{"embeddable":true,"href":"https:\/\/sw-osterfeine.de\/index.php?rest_route=%2Fwp%2Fv2%2Fcomments&post=6525"}],"version-history":[{"count":4,"href":"https:\/\/sw-osterfeine.de\/index.php?rest_route=\/wp\/v2\/posts\/6525\/revisions"}],"predecessor-version":[{"id":6529,"href":"https:\/\/sw-osterfeine.de\/index.php?rest_route=\/wp\/v2\/posts\/6525\/revisions\/6529"}],"wp:attachment":[{"href":"https:\/\/sw-osterfeine.de\/index.php?rest_route=%2Fwp%2Fv2%2Fmedia&parent=6525"}],"wp:term":[{"taxonomy":"category","embeddable":true,"href":"https:\/\/sw-osterfeine.de\/index.php?rest_route=%2Fwp%2Fv2%2Fcategories&post=6525"},{"taxonomy":"post_tag","embeddable":true,"href":"https:\/\/sw-osterfeine.de\/index.php?rest_route=%2Fwp%2Fv2%2Ftags&post=6525"}],"curies":[{"name":"wp","href":"https:\/\/api.w.org\/{rel}","templated":true}]}}