{"id":6583,"date":"2013-02-18T10:53:20","date_gmt":"2013-02-18T09:53:20","guid":{"rendered":"http:\/\/sw-osterfeine.de\/?p=6583"},"modified":"2013-02-18T10:53:20","modified_gmt":"2013-02-18T09:53:20","slug":"an-alle-fusballer","status":"publish","type":"post","link":"https:\/\/sw-osterfeine.de\/?p=6583","title":{"rendered":"An alle Fu\u00dfballer!!!!!!"},"content":{"rendered":"<p style=\"text-align: justify;\">Am Samstag, den 23.2.2013 findet auf dem Sportplatz in Osterfeine der erste Arbeitseinsatz f\u00fcr unsere Fu\u00dfballer statt. Beginn ist um 9.00 Uhr und Schluss gegen ca. 12.00 Uhr.<\/p>\n<p style=\"text-align: justify;\">Es w\u00e4re sch\u00f6n wenn aus jeder Mannschaft einige Fu\u00dfballer Zeit h\u00e4tten.<\/p>\n<p style=\"text-align: justify;\">Bitte um kurze Anmeldung bei Bubble.<\/p>\n","protected":false},"excerpt":{"rendered":"<p>Am Samstag, den 23.2.2013 findet auf dem Sportplatz in Osterfeine der erste Arbeitseinsatz f\u00fcr unsere Fu\u00dfballer statt. Beginn ist um 9.00 Uhr und Schluss gegen ca. 12.00 Uhr. Es w\u00e4re sch\u00f6n wenn aus jeder Mannschaft einige Fu\u00dfballer Zeit h\u00e4tten. Bitte um kurze Anmeldung bei Bubble.<\/p>\n","protected":false},"author":3,"featured_media":0,"comment_status":"closed","ping_status":"closed","sticky":false,"template":"","format":"standard","meta":{"footnotes":""},"categories":[3],"tags":[],"_links":{"self":[{"href":"https:\/\/sw-osterfeine.de\/index.php?rest_route=\/wp\/v2\/posts\/6583"}],"collection":[{"href":"https:\/\/sw-osterfeine.de\/index.php?rest_route=\/wp\/v2\/posts"}],"about":[{"href":"https:\/\/sw-osterfeine.de\/index.php?rest_route=\/wp\/v2\/types\/post"}],"author":[{"embeddable":true,"href":"https:\/\/sw-osterfeine.de\/index.php?rest_route=\/wp\/v2\/users\/3"}],"replies":[{"embeddable":true,"href":"https:\/\/sw-osterfeine.de\/index.php?rest_route=%2Fwp%2Fv2%2Fcomments&post=6583"}],"version-history":[{"count":2,"href":"https:\/\/sw-osterfeine.de\/index.php?rest_route=\/wp\/v2\/posts\/6583\/revisions"}],"predecessor-version":[{"id":6585,"href":"https:\/\/sw-osterfeine.de\/index.php?rest_route=\/wp\/v2\/posts\/6583\/revisions\/6585"}],"wp:attachment":[{"href":"https:\/\/sw-osterfeine.de\/index.php?rest_route=%2Fwp%2Fv2%2Fmedia&parent=6583"}],"wp:term":[{"taxonomy":"category","embeddable":true,"href":"https:\/\/sw-osterfeine.de\/index.php?rest_route=%2Fwp%2Fv2%2Fcategories&post=6583"},{"taxonomy":"post_tag","embeddable":true,"href":"https:\/\/sw-osterfeine.de\/index.php?rest_route=%2Fwp%2Fv2%2Ftags&post=6583"}],"curies":[{"name":"wp","href":"https:\/\/api.w.org\/{rel}","templated":true}]}}