{"id":6594,"date":"2013-02-18T11:02:25","date_gmt":"2013-02-18T10:02:25","guid":{"rendered":"http:\/\/sw-osterfeine.de\/?p=6594"},"modified":"2013-02-18T11:08:02","modified_gmt":"2013-02-18T10:08:02","slug":"a-und-b-jugend-zu-besuch-beim-vfl-osnabruck","status":"publish","type":"post","link":"https:\/\/sw-osterfeine.de\/?p=6594","title":{"rendered":"A- und B-Jugend zu Besuch beim VfL Osnabr\u00fcck"},"content":{"rendered":"<p style=\"text-align: justify;\">Ein ganzer Bus voller Fu\u00dfballfans machte sich Mitte November von\u00a0R\u00fcschendorf aus auf die Reise nach Osnabr\u00fcck zum Spitzenspiel zwischen\u00a0dem VfL Osnabr\u00fcck (1.) und Arminia Bielefeld (2.). Sie sahen ein\u00a0packendes wenn auch nicht immer hochklassiges Derby zwischen den beiden\u00a0Mannschaften aus der 3. Liga. Der VfL \u00fcbernahm in der ersten Spielh\u00e4lfte\u00a0die Initiative, die Arminia war eher defensiv ausgerichtet. Folglich\u00a0hatte der Tabellenf\u00fchrer mehr Feldvorteile, konnte sie jedoch nicht\u00a0zwingend in Torchancen umwandeln.<!--more--><\/p>\n<p style=\"text-align: justify;\">Nach dem Seitenwechsel spielte die Arminia mit, es entwickelte sich zur\u00a0Freude der Zuschauer ein offener Schlagabtausch. Allerdings griffen die\u00a0G\u00e4ste zu unfairen Mitteln, mit drei gelben und einer roten Karte (66.\u00a0Hornig, Notbremse an Nagy) war die Arminia am Ende noch gut bedient. Die\u00a0gr\u00f6\u00dfte Chance aus dem Spiel heraus hatte Osnabr\u00fccks Manno in der 62.\u00a0Minute, sein Schuss verfehlte das Tor nur knapp. Auch sein\u00a0Mannschaftskamerad Zoller traf aus guter Position das Tor nicht. In\u00a0Unterzahl verlegten sich die Bielefelder wieder aufs Verteidigen, der\u00a0VfL fand keinen Weg mehr in den gegnerischen Strafraum. Die beste\u00a0Gelegenheit ergab sich in der 89. Minute: Bielefelds Salger foulte\u00a0Osnabr\u00fccks Neumann im eigenen Strafraum. Doch den f\u00e4lligen Strafsto\u00df\u00a0setzte Staffeld \u00fcbers Tor. Am Ende blieb es beim torlosen Remis.<\/p>\n<p style=\"text-align: justify;\">Alles in allem ein interessanter und kurzweiliger Nachmittag f\u00fcr unsere\u00a0A- und B-Junioren, die sich ein Spiel der Profis aus der N\u00e4he &#8211; sprich\u00a0aus dem Fanblock des VfL &#8211; anschauen konnten. Gut zu sehen, wie die\u00a0einzelnen Mannschaftsteile im Verbund agieren, wie sie immer wieder auf\u00a0dem Platz verschieben.\u00a0 Ein besonderer Dank geht an unseren Trainer\u00a0Hubert Pieper, der diese Fahrt erm\u00f6glicht hat.<\/p>\n\n\t\t<style type=\"text\/css\">\n\t\t\t#gallery-1 {\n\t\t\t\tmargin: auto;\n\t\t\t}\n\t\t\t#gallery-1 .gallery-item {\n\t\t\t\tfloat: left;\n\t\t\t\tmargin-top: 10px;\n\t\t\t\ttext-align: center;\n\t\t\t\twidth: 33%;\n\t\t\t}\n\t\t\t#gallery-1 img {\n\t\t\t\tborder: 2px solid #cfcfcf;\n\t\t\t}\n\t\t\t#gallery-1 .gallery-caption {\n\t\t\t\tmargin-left: 0;\n\t\t\t}\n\t\t\t\/* see gallery_shortcode() in wp-includes\/media.php *\/\n\t\t<\/style>\n\t\t<div id='gallery-1' class='gallery galleryid-6594 gallery-columns-3 gallery-size-thumbnail'><dl class='gallery-item'>\n\t\t\t<dt class='gallery-icon landscape'>\n\t\t\t\t<a href='https:\/\/sw-osterfeine.de\/wp-content\/uploads\/2013\/02\/vfl_tribuene.jpg' title=\"\" data-rl_title=\"\" class=\"rl-gallery-link\" data-rl_caption=\"\" data-rel=\"lightbox-gallery-1\"><img loading=\"lazy\" decoding=\"async\" width=\"150\" height=\"150\" src=\"https:\/\/sw-osterfeine.de\/wp-content\/uploads\/2013\/02\/vfl_tribuene-150x150.jpg\" class=\"attachment-thumbnail size-thumbnail\" alt=\"\" \/><\/a>\n\t\t\t<\/dt><\/dl><dl class='gallery-item'>\n\t\t\t<dt class='gallery-icon landscape'>\n\t\t\t\t<a href='https:\/\/sw-osterfeine.de\/wp-content\/uploads\/2013\/02\/vfl_elfmeter.jpg' title=\"\" data-rl_title=\"\" class=\"rl-gallery-link\" data-rl_caption=\"\" data-rel=\"lightbox-gallery-1\"><img loading=\"lazy\" decoding=\"async\" width=\"150\" height=\"150\" src=\"https:\/\/sw-osterfeine.de\/wp-content\/uploads\/2013\/02\/vfl_elfmeter-150x150.jpg\" class=\"attachment-thumbnail size-thumbnail\" alt=\"\" \/><\/a>\n\t\t\t<\/dt><\/dl><dl class='gallery-item'>\n\t\t\t<dt class='gallery-icon landscape'>\n\t\t\t\t<a href='https:\/\/sw-osterfeine.de\/wp-content\/uploads\/2013\/02\/vfl_abfahrt.jpg' title=\"\" data-rl_title=\"\" class=\"rl-gallery-link\" data-rl_caption=\"\" data-rel=\"lightbox-gallery-1\"><img loading=\"lazy\" decoding=\"async\" width=\"150\" height=\"150\" src=\"https:\/\/sw-osterfeine.de\/wp-content\/uploads\/2013\/02\/vfl_abfahrt-150x150.jpg\" class=\"attachment-thumbnail size-thumbnail\" alt=\"\" \/><\/a>\n\t\t\t<\/dt><\/dl><br style=\"clear: both\" \/>\n\t\t<\/div>\n\n<p style=\"text-align: justify;\">Heinrich Kruthaup<\/p>\n","protected":false},"excerpt":{"rendered":"<p>Ein ganzer Bus voller Fu\u00dfballfans machte sich Mitte November von\u00a0R\u00fcschendorf aus auf die Reise nach Osnabr\u00fcck zum Spitzenspiel zwischen\u00a0dem VfL Osnabr\u00fcck (1.) und Arminia Bielefeld (2.). Sie sahen ein\u00a0packendes wenn auch nicht immer hochklassiges Derby zwischen den beiden\u00a0Mannschaften aus der 3. Liga. Der VfL \u00fcbernahm in der ersten Spielh\u00e4lfte\u00a0die Initiative, die Arminia war eher defensiv [&hellip;]<\/p>\n","protected":false},"author":3,"featured_media":0,"comment_status":"closed","ping_status":"closed","sticky":false,"template":"","format":"standard","meta":{"footnotes":""},"categories":[3],"tags":[],"_links":{"self":[{"href":"https:\/\/sw-osterfeine.de\/index.php?rest_route=\/wp\/v2\/posts\/6594"}],"collection":[{"href":"https:\/\/sw-osterfeine.de\/index.php?rest_route=\/wp\/v2\/posts"}],"about":[{"href":"https:\/\/sw-osterfeine.de\/index.php?rest_route=\/wp\/v2\/types\/post"}],"author":[{"embeddable":true,"href":"https:\/\/sw-osterfeine.de\/index.php?rest_route=\/wp\/v2\/users\/3"}],"replies":[{"embeddable":true,"href":"https:\/\/sw-osterfeine.de\/index.php?rest_route=%2Fwp%2Fv2%2Fcomments&post=6594"}],"version-history":[{"count":6,"href":"https:\/\/sw-osterfeine.de\/index.php?rest_route=\/wp\/v2\/posts\/6594\/revisions"}],"predecessor-version":[{"id":6602,"href":"https:\/\/sw-osterfeine.de\/index.php?rest_route=\/wp\/v2\/posts\/6594\/revisions\/6602"}],"wp:attachment":[{"href":"https:\/\/sw-osterfeine.de\/index.php?rest_route=%2Fwp%2Fv2%2Fmedia&parent=6594"}],"wp:term":[{"taxonomy":"category","embeddable":true,"href":"https:\/\/sw-osterfeine.de\/index.php?rest_route=%2Fwp%2Fv2%2Fcategories&post=6594"},{"taxonomy":"post_tag","embeddable":true,"href":"https:\/\/sw-osterfeine.de\/index.php?rest_route=%2Fwp%2Fv2%2Ftags&post=6594"}],"curies":[{"name":"wp","href":"https:\/\/api.w.org\/{rel}","templated":true}]}}