{"id":6604,"date":"2013-02-18T11:24:16","date_gmt":"2013-02-18T10:24:16","guid":{"rendered":"http:\/\/sw-osterfeine.de\/?p=6604"},"modified":"2013-02-18T11:26:03","modified_gmt":"2013-02-18T10:26:03","slug":"1-f-jugend-gewinnt-endrunde-ii-der-leistungsklasse-1","status":"publish","type":"post","link":"https:\/\/sw-osterfeine.de\/?p=6604","title":{"rendered":"1. F-Jugend gewinnt Endrunde II der Leistungsklasse 1"},"content":{"rendered":"<p style=\"text-align: justify;\"><a href=\"https:\/\/sw-osterfeine.de\/wp-content\/uploads\/2013\/02\/Endrundenspielplan-LK-1-End-2.pdf\">Spielplan und Tabelle<\/a><\/p>\n<p style=\"text-align: justify;\">Einen nicht zu erwartenden Sieg bei der Endrunde II der Leistungsklasse 1, konnte unsere 1. F-Jugend am vergangenen Samstag in der Sporthalle in Neuenkirchen einfahren.<!--more--><\/p>\n<p style=\"text-align: justify;\"><strong>Vorrunde, Halle Osterfeine <\/strong><\/p>\n<p style=\"text-align: justify;\">In den beiden Vorrundenspieltagen, vor und nach dem Dammer Carneval, hatte es unsere 1. F-Jugend in der vereinseigenen Sporthalle durchweg mit Mannschaften aus der F-Jugend Kreisliga zu tun. Wir hatten uns im Vorfeld dazu entschieden, unsere Mannschaft in der leistungsst\u00e4rksten Klasse zu melden, da wir uns erwarteten aus diesen Spielen das Positive mitzunehmen und etwas Neues zu lernen. Und so kam es, dass wir uns mit den herausragenden Mannschaften aus Damme, Neuenkirchen, M\u00fchlen, Steinfeld, Holdorf und Dinklage messen konnten. Insgesamt mussten an den beiden Vorrundenspieltagen, im Modus \u201eJeder gegen Jeden\u201c, jeweils 6 Spiele absolviert werden.<\/p>\n<p style=\"text-align: justify;\">In diesen Spielen konnten die Jungs \u00fcberraschend gut mithalten, wobei aber auch zu sehen war, dass uns die sp\u00e4teren Top 3 Mannschaften aus Damme, Neuenkirchen und M\u00fchlen, doch noch so einiges voraus sind. Dennoch hat es Spa\u00df gemacht und wir konnten auch mehrere Spiele erfolgreich und ausgeglichen gestalten. Nach den beiden Vorrundenspieltagen haben wir schlie\u00dflich den 6. Platz belegt, wobei wir in 12 Spielen ein Torverh\u00e4ltnis von 16:21 bei 11 geholten Punkten aufzuweisen hatten. Das konnte sich sehen lassen.<\/p>\n<p style=\"text-align: justify;\">F\u00fcr die Endrunde I konnten sich die Mannschaften aus Damme, Neuenkirchen, M\u00fchlen und Steinfeld qualifizieren.<\/p>\n<p style=\"text-align: justify;\"><strong>Endrunde II, Halle Neuenkirchen<\/strong><\/p>\n<p style=\"text-align: justify;\">Mit dem Ergebnis der Vorrunde hatten wir dann die Endrunde II der Leistungsklasse 1 in Neuenkirchen zu bestreiten. Die Mannschaften aus Holdorf I und Dinklage I aus unserer Vorrundengruppe, sowie die Mannschaften von Lohne I, Oythe I, Bakum I und Brockdorf I aus der Nordkreisgruppe machten das Teilnehmerfeld komplett.<\/p>\n<p style=\"text-align: justify;\"><strong>OSV I \u2013 Oythe I\u00a0 2:1<\/strong><\/p>\n<p style=\"text-align: justify;\">Im ersten Spiel bekamen wir es mit dem VfL Oythe zu tun. Das Spiel wurde \u00fcber die gesamte Distanz \u00fcberlegen gef\u00fchrt. Alle Spieler waren, im Gegensatz zu einigen Spielen aus der Vorrunde, von Beginn an bei der Sache und zeigten sich sehr motiviert. Mit schnellen Angriffen, insbesondere \u00fcber die rechte Au\u00dfenseite kamen wir zu etlichen Torchancen. Leider lie\u00dfen wir die Genauigkeit im Torabschluss fehlen. Aber dann konnten wir in der Mitte des Spiels durch einen satten Schuss von Georg gr. Kl\u00f6nne und einem energischen Nachsetzen von Luca von der Heide zweimal zuschlagen. Kurz vor Schluss kam Oythe durch eine Nachl\u00e4ssigkeit in der Abwehr noch zum Anschluss aber es sollte zu einem verdienten Auftaktsieg reichen.<\/p>\n<p style=\"text-align: justify;\"><strong>OSV I \u2013 Bakum I 6:0<\/strong><\/p>\n<p style=\"text-align: justify;\">Nach dem guten Auftakt war die Mannschaft aus Bakum unser Gegner. Wir erwischten einen Traumstart; bereits nach 8 Sekunden!!! drosch Georg gr. Kl\u00f6nne den Ball in die Maschen. Nach noch nicht einmal drei Minuten f\u00fchrten wir nach super herausgespielten Toren bereits mit 3:0, so dass wir unsere beiden Spielmacher Luca und Georg vom Platz nahmen, um auch den anderen Spielern m\u00f6glichst viel Spielpraxis in der Halle zu geben. Insgesamt kamen wir zu einem auch in der H\u00f6he v\u00f6llig verdientem Sieg.<\/p>\n<p style=\"text-align: justify;\"><strong>OSV I \u2013 Holdorf I 4:1<\/strong><\/p>\n<p style=\"text-align: justify;\">Dann kam es bereits zum ersten von drei hintereinander folgenden \u201eEndspielen\u201c f\u00fcr uns. Es ging gegen Holdorf. In den Vorrundenspielen konnten wir die Spiele immer \u00fcberlegen oder ausgeglichen gestalten und verloren dennoch. Auch in diesem Spiel mussten wir mal wieder einen R\u00fcckstand schlucken. Aber dann kamen wir immer besser ins Spiel und alle Spieler legten sich richtig ins Zeug. Schnell konnten wir den R\u00fcckstand in ein 2:1 umwandeln. Danach lie\u00dfen wir kein Tor mehr zu und vorne setzten wir uns energisch durch, so dass ein kaum zu glaubender 4:1 Sieg zu Buche stand.<\/p>\n<p style=\"text-align: justify;\"><strong>OSV I \u2013 Dinklage I 3:1<\/strong><\/p>\n<p style=\"text-align: justify;\">Nach dem \u00fcberraschend hohen Sieg gegen Holdorf wartete unser n\u00e4chster, \u00e4rgster Verfolger auf uns. Dinklage war bereits gut in das Turnier gestartet und hatte auch die Lohner Mannschaft geschlagen. Nach wenigen Minuten liefen wir erneut einem R\u00fcckstand hinterher. Es entwickelte sich ein sehr gutklassiges Spiel beider Mannschaften. Uns gelang es diesmal, unsere gut herausgespielten Torchancen zu verwerten und in eine 2:1 F\u00fchrung zu drehen. Wichtig hierbei war der schnelle Ausgleich durch Thorben Brokamp, welcher ein sch\u00f6nes Zuspiel von Luca von der Heide nutzte. Mehrfach hatte Dinklage hochkar\u00e4tige\u00a0 Chancen zum Ausgleich, aber Simon L\u00fcbbehusen im Tor wuchs \u00fcber sich hinaus und vereitelte diese mit erstklassigen Paraden. Ein schneller, gut herausgespielter Konter f\u00fchrte dann zum entscheidenen 3:1 Sieg.<\/p>\n<p style=\"text-align: justify;\"><strong>OSV I \u2013 Lohne I 2:2<\/strong><\/p>\n<p style=\"text-align: justify;\">Wir waren nach vier Siegen Tabellenf\u00fchrer und nun wartete Lohne I auf uns. Rechnerisch h\u00e4tten wir vor den letzten 6 Spielen noch von Platz 1 verdr\u00e4ngt werden k\u00f6nnen und so kam diesem Spiel eine ganz besondere Bedeutung zu.<\/p>\n<p style=\"text-align: justify;\">Trotz des bisherigen sensationellen Endrundenverlaufs kamen wir gegen Lohne nicht von Beginn an ins Spiel. Schnell lie\u00dfen wir uns von den k\u00f6rperlich robust und aggressiv spielenden Lohnern den Schneid abkaufen. Nach wenigen Minuten lagen wir mit 0:2 im Hintertreffen. Man konnte nicht gerade von entspannten Gesichtern der beiden Trainer Andreas Deters und J\u00fcrgen Jacob sprechen. Erst als es kurzzeitig mal etwas lauter von au\u00dfen wurde, rissen sich alle Spieler wieder zusammen und passten sich dem aggressiven Spiel der Lohner Mannschaft an. Luca von der Heide gelang nach einem Angriff \u00fcber die linke Seite das sch\u00f6nste Tor des Tages. Fast von der Torauslinie buchsierte er den Ball in den Winkel des hinteren Torpfostens. Wenige Sekunden vor dem Ende setzte sich Georg gr. Kl\u00f6nne bei einem Konter energisch gegen einen Verteidiger durch und schob den Ball \u00fcberlegt mit dem Aussenri\u00df am herausst\u00fcrzenden Keeper ins Tor. Der Jubel kannte keine Grenzen mehr. Die mittlerweile angereisten Eltern der Spieler freuten sich mit der ganzen Mannschaft.<\/p>\n<p style=\"text-align: justify;\">Damit waren wir nicht mehr von Platz 1 zu verdr\u00e4ngen.<\/p>\n<p style=\"text-align: justify;\"><strong>OSV I \u2013 Brockdorf I 0:2<\/strong><\/p>\n<p style=\"text-align: justify;\">Im letzten Spiel gegen Brockdorf wollten wir uns nochmals mit einer guten Leistung aus der Endrunde verabschieden. Zun\u00e4chst gingen wir auch wieder konzentriert in das Spiel und beide Mannschaften waren auf Augenh\u00f6he. Die Mannschaft aus Brockdorf kam nach f\u00fcnf Minuten jedoch zu einem nicht unverdienten Tor. Auf der Gegenseite vergaben wir zwei hundertprozentige Torchancen, als wir am hervorragenden Brockdorfer Torh\u00fcter scheiterten. Kurz darauf kam dann der K.o. als wir in der Abwehr den Ball nicht konsequent herausspielten. Danach kamen wir nicht mehr zu guten Chancen, obwohl sich alle nochmal bem\u00fchten und wir beendeten die Endrunde mit einer 0:2 Niederlage.<\/p>\n<p style=\"text-align: justify;\">Aber das war nebens\u00e4chlich.\u00a0 Es \u00fcberwog die Freude \u00fcber eine klasse Turnierleistung der Mannschaft an deren Ende das bisher beste Hallenergebnis mit 17:7 Toren und 13 Punkten stand. In der Kabine wurde von den Jungs auch gleich das Lied: \u201eSo sehen Sieger aus\u201c angestimmt.<\/p>\n<p style=\"text-align: justify;\">Durch den Kreisschiedsrichterobmann, Mike Otte, welcher in seiner Funktion als Vorstandsmitglied des NFV Kreis Vechta die Siegerehrung vornahm, wurden lobende Worte, insbesondere an die aktiven Jugendspieler, ausgesprochen. Mike Otte zeigte sich erfreut \u00fcber die qualitativ sehr guten Leistungen der Spieler. Schlie\u00dflich wurde unserer Mannschaft die Urkunde \u00fcber den ersten Platz bei dieser Endrunde II \u00fcberreicht, wobei das abschlie\u00dfende Siegerfoto nat\u00fcrlich nicht fehlen durfte. Insgesamt darf sich die Mannschaft dar\u00fcber freuen, zu den besten acht F-Jugendmannschaften des Kreis Vechta im Rahmen dieser Hallenkreismeisterschaft zu geh\u00f6ren.<\/p>\n<p style=\"text-align: justify;\">F\u00fcr die 1. F-Jgd.<\/p>\n<p style=\"text-align: justify;\">&#8211;J\u00fcrgen Jacob\u2014<\/p>\n<p style=\"text-align: justify;\"><a href=\"https:\/\/sw-osterfeine.de\/wp-content\/uploads\/2013\/02\/IMG_0122.jpg\" data-rel=\"lightbox-image-0\" data-rl_title=\"\" data-rl_caption=\"\"><img loading=\"lazy\" decoding=\"async\" class=\"size-medium wp-image-6606 alignnone\" title=\"\" src=\"https:\/\/sw-osterfeine.de\/wp-content\/uploads\/2013\/02\/IMG_0122-300x225.jpg\" alt=\"\" width=\"300\" height=\"225\" srcset=\"https:\/\/sw-osterfeine.de\/wp-content\/uploads\/2013\/02\/IMG_0122-300x225.jpg 300w, https:\/\/sw-osterfeine.de\/wp-content\/uploads\/2013\/02\/IMG_0122.jpg 816w\" sizes=\"(max-width: 300px) 100vw, 300px\" \/><\/a><\/p>\n","protected":false},"excerpt":{"rendered":"<p>Spielplan und Tabelle Einen nicht zu erwartenden Sieg bei der Endrunde II der Leistungsklasse 1, konnte unsere 1. F-Jugend am vergangenen Samstag in der Sporthalle in Neuenkirchen einfahren.<\/p>\n","protected":false},"author":3,"featured_media":0,"comment_status":"closed","ping_status":"closed","sticky":false,"template":"","format":"standard","meta":{"footnotes":""},"categories":[3],"tags":[],"_links":{"self":[{"href":"https:\/\/sw-osterfeine.de\/index.php?rest_route=\/wp\/v2\/posts\/6604"}],"collection":[{"href":"https:\/\/sw-osterfeine.de\/index.php?rest_route=\/wp\/v2\/posts"}],"about":[{"href":"https:\/\/sw-osterfeine.de\/index.php?rest_route=\/wp\/v2\/types\/post"}],"author":[{"embeddable":true,"href":"https:\/\/sw-osterfeine.de\/index.php?rest_route=\/wp\/v2\/users\/3"}],"replies":[{"embeddable":true,"href":"https:\/\/sw-osterfeine.de\/index.php?rest_route=%2Fwp%2Fv2%2Fcomments&post=6604"}],"version-history":[{"count":4,"href":"https:\/\/sw-osterfeine.de\/index.php?rest_route=\/wp\/v2\/posts\/6604\/revisions"}],"predecessor-version":[{"id":6610,"href":"https:\/\/sw-osterfeine.de\/index.php?rest_route=\/wp\/v2\/posts\/6604\/revisions\/6610"}],"wp:attachment":[{"href":"https:\/\/sw-osterfeine.de\/index.php?rest_route=%2Fwp%2Fv2%2Fmedia&parent=6604"}],"wp:term":[{"taxonomy":"category","embeddable":true,"href":"https:\/\/sw-osterfeine.de\/index.php?rest_route=%2Fwp%2Fv2%2Fcategories&post=6604"},{"taxonomy":"post_tag","embeddable":true,"href":"https:\/\/sw-osterfeine.de\/index.php?rest_route=%2Fwp%2Fv2%2Ftags&post=6604"}],"curies":[{"name":"wp","href":"https:\/\/api.w.org\/{rel}","templated":true}]}}