{"id":682,"date":"2009-02-07T11:41:56","date_gmt":"2009-02-07T10:41:56","guid":{"rendered":"http:\/\/sw-osterfeine.de\/?p=682"},"modified":"2009-02-07T11:41:56","modified_gmt":"2009-02-07T10:41:56","slug":"zaunbau-auf-platz-2-hat-begonnen-%e2%80%93-vorbereitung-fur-flutlicht-laufen","status":"publish","type":"post","link":"https:\/\/sw-osterfeine.de\/?p=682","title":{"rendered":"Zaunbau auf Platz 2 hat begonnen \u2013 Vorbereitung f\u00fcr Flutlicht laufen"},"content":{"rendered":"<p>Der aufmerksame OSVer hat es vielleicht schon bemerkt. Der alte Maschendrahtzaun auf Platz 2 ist nicht mehr da. Der Zahn der Zeit hatte den alten Zaun mehr als dahingerafft.<br \/>\nZurzeit herrscht freier Blick und freies Schussfeld Richtung Langenteilen. Da wo die Technik jetzt nicht ausreicht, sind die betroffenen Spieler doch zunehmend auf dem Acker auf Ballsuche zu finden. Bei der ersten Mannschaft hatte man den Eindruck, dass Ansgar gr. Austing, Jan-Bernd Wehming und Michael Kohake sich auf dem Acker ganz wohl f\u00fchlten \u2013 hat das was mit ihrem Beruf zu tun?<!--more--><br \/>\nIn den n\u00e4chsten Tagen\/Wochen wird nun ein neuer insgesamt 4 Meter hoher Zaun errichtet. Damit werden zuk\u00fcnftig wesentlich weniger B\u00e4lle das Sportgel\u00e4nde verlassen.<br \/>\nNur Grobtechniker, deren Namen wir hier lieber nicht ver\u00f6ffentlichen wollen, m\u00fcssen sich dann noch auf Ballsuche begeben. Besonders erfreut \u00fcber den neuen Zaun wird unser Betreuer der II-Herrenmannschaft Axel Freese sein. Endlich kann er nunmehr die kompletten Spiele verfolgen. Der Maisaufenthalt wird auf ein Minimum reduziert.<\/p>\n<p>Weiter soll in den n\u00e4chsten Wochen eine gepflasterte\u00a0 Stehtrib\u00fcne zwischen den beiden Trainerkabinen auf Platz 2 entstehen. Je nach Witterung soll in n\u00e4chster Zukunft mit den Arbeiten begonnen werden. So k\u00f6nnen unsere Zuschauer auf Platz 2 mit wesentlich besserer Sicht und auch aus einer besseren Position die Spiele auf Platz 2 verfolgen.<\/p>\n<p>Eingeleitet worden sind weiter die Arbeiten zur Errichtung einer Flutlichtanlage auf Platz 1 und auf Platz 3. Auch hier bestimmt u.a. die Witterung den Beginn der erforderlichen Erdarbeiten.<\/p>\n<p>Das Jahr 2009 beginnt somit f\u00fcr den OSV mit viel Arbeit und auch mit hohen finanziellen Aufwendungen. F\u00fcr den Zaun und die Flutlichtanlage zahlt die Stadt einen Zuschuss an den Sportverein. Ein Gro\u00dfteil der Kosten muss jedoch durch den Verein und durch Eigenleistung erbracht werden. Gerade die Installation des Flutlichtes ist von enormer Bedeutung f\u00fcr die Durchf\u00fchrung des Spielbetriebes f\u00fcr die R\u00fcckrunde, da auch aufgrund der kurzen Spieldauer der Serie durch den fr\u00fchen Ferienbeginn ein geordneter Trainings- und Spielbetrieb nicht mehr m\u00f6glich ist.<\/p>\n","protected":false},"excerpt":{"rendered":"<p>Der aufmerksame OSVer hat es vielleicht schon bemerkt. Der alte Maschendrahtzaun auf Platz 2 ist nicht mehr da. Der Zahn der Zeit hatte den alten Zaun mehr als dahingerafft. Zurzeit herrscht freier Blick und freies Schussfeld Richtung Langenteilen. Da wo die Technik jetzt nicht ausreicht, sind die betroffenen Spieler doch zunehmend auf dem Acker auf [&hellip;]<\/p>\n","protected":false},"author":3,"featured_media":0,"comment_status":"closed","ping_status":"closed","sticky":false,"template":"","format":"standard","meta":{"footnotes":""},"categories":[3],"tags":[18,16],"_links":{"self":[{"href":"https:\/\/sw-osterfeine.de\/index.php?rest_route=\/wp\/v2\/posts\/682"}],"collection":[{"href":"https:\/\/sw-osterfeine.de\/index.php?rest_route=\/wp\/v2\/posts"}],"about":[{"href":"https:\/\/sw-osterfeine.de\/index.php?rest_route=\/wp\/v2\/types\/post"}],"author":[{"embeddable":true,"href":"https:\/\/sw-osterfeine.de\/index.php?rest_route=\/wp\/v2\/users\/3"}],"replies":[{"embeddable":true,"href":"https:\/\/sw-osterfeine.de\/index.php?rest_route=%2Fwp%2Fv2%2Fcomments&post=682"}],"version-history":[{"count":2,"href":"https:\/\/sw-osterfeine.de\/index.php?rest_route=\/wp\/v2\/posts\/682\/revisions"}],"predecessor-version":[{"id":684,"href":"https:\/\/sw-osterfeine.de\/index.php?rest_route=\/wp\/v2\/posts\/682\/revisions\/684"}],"wp:attachment":[{"href":"https:\/\/sw-osterfeine.de\/index.php?rest_route=%2Fwp%2Fv2%2Fmedia&parent=682"}],"wp:term":[{"taxonomy":"category","embeddable":true,"href":"https:\/\/sw-osterfeine.de\/index.php?rest_route=%2Fwp%2Fv2%2Fcategories&post=682"},{"taxonomy":"post_tag","embeddable":true,"href":"https:\/\/sw-osterfeine.de\/index.php?rest_route=%2Fwp%2Fv2%2Ftags&post=682"}],"curies":[{"name":"wp","href":"https:\/\/api.w.org\/{rel}","templated":true}]}}