{"id":685,"date":"2009-02-08T12:23:11","date_gmt":"2009-02-08T11:23:11","guid":{"rendered":"http:\/\/sw-osterfeine.de\/?p=685"},"modified":"2009-02-08T18:13:11","modified_gmt":"2009-02-08T17:13:11","slug":"verletzungspech-lasst-i-herren-nicht-los","status":"publish","type":"post","link":"https:\/\/sw-osterfeine.de\/?p=685","title":{"rendered":"Verletzungspech l\u00e4sst 1. Herren nicht los"},"content":{"rendered":"<p>Michi Harpenau mit doppeltem B\u00e4nderriss<\/p>\n<p>Das in den letzten 2 Jahren arg in unserer I-Herrenmannschaft zugeschlagene Verletzungspech bleibt uns auch in der R\u00fcckrundenvorbereitung treu.<br \/>\n Mit Michael Harpenau verletzte sich am Freitag der momentan laufst\u00e4rkste Spieler der Mannschaft. Der mittlerweile als absoluter Leistungstr\u00e4ger geltende Mittelfeldspieler wird unserer Mannschaft sicherlich 6 Wochen fehlen. Damit wird die Aktion Erhalt der Bezirksliga sicherlich noch schwerer. Denn Michi Harpenau ist nicht der einzige Spieler, der aus Verletzungsgr\u00fcnden ausf\u00e4llt. Neben Michael Bergmann( Mittelfu\u00df) und Ralf Burdiek(Leiste) fehlen in den n\u00e4chsten Wochen Ralf Kreymborg (Meniskus), Maxi St\u00e4rk (Meniskus) und\u00a0 Stefan Garvels(Knie). 6 mehr oder weniger langfristig ausfallende Spieler bedeutet f\u00fcr den verbliebenen Kader noch enger zusammen zu r\u00fccken und in dieser schwierigen Zeit durch gutes Training und eine gute Einstellung die Leistungsf\u00e4higkeit der Mannschaft zu st\u00e4rken. <br \/>\n Das erstes Punktspiel absolviert unsere Mannschaft am Sonntag, den 22.2.2009 in Falke Steinfeld II.<\/p>\n","protected":false},"excerpt":{"rendered":"<p>Michi Harpenau mit doppeltem B\u00e4nderriss Das in den letzten 2 Jahren arg in unserer I-Herrenmannschaft zugeschlagene Verletzungspech bleibt uns auch in der R\u00fcckrundenvorbereitung treu. Mit Michael Harpenau verletzte sich am Freitag der momentan laufst\u00e4rkste Spieler der Mannschaft. Der mittlerweile als absoluter Leistungstr\u00e4ger geltende Mittelfeldspieler wird unserer Mannschaft sicherlich 6 Wochen fehlen. Damit wird die Aktion [&hellip;]<\/p>\n","protected":false},"author":3,"featured_media":0,"comment_status":"closed","ping_status":"closed","sticky":false,"template":"","format":"standard","meta":{"footnotes":""},"categories":[3],"tags":[15,19],"_links":{"self":[{"href":"https:\/\/sw-osterfeine.de\/index.php?rest_route=\/wp\/v2\/posts\/685"}],"collection":[{"href":"https:\/\/sw-osterfeine.de\/index.php?rest_route=\/wp\/v2\/posts"}],"about":[{"href":"https:\/\/sw-osterfeine.de\/index.php?rest_route=\/wp\/v2\/types\/post"}],"author":[{"embeddable":true,"href":"https:\/\/sw-osterfeine.de\/index.php?rest_route=\/wp\/v2\/users\/3"}],"replies":[{"embeddable":true,"href":"https:\/\/sw-osterfeine.de\/index.php?rest_route=%2Fwp%2Fv2%2Fcomments&post=685"}],"version-history":[{"count":4,"href":"https:\/\/sw-osterfeine.de\/index.php?rest_route=\/wp\/v2\/posts\/685\/revisions"}],"predecessor-version":[{"id":696,"href":"https:\/\/sw-osterfeine.de\/index.php?rest_route=\/wp\/v2\/posts\/685\/revisions\/696"}],"wp:attachment":[{"href":"https:\/\/sw-osterfeine.de\/index.php?rest_route=%2Fwp%2Fv2%2Fmedia&parent=685"}],"wp:term":[{"taxonomy":"category","embeddable":true,"href":"https:\/\/sw-osterfeine.de\/index.php?rest_route=%2Fwp%2Fv2%2Fcategories&post=685"},{"taxonomy":"post_tag","embeddable":true,"href":"https:\/\/sw-osterfeine.de\/index.php?rest_route=%2Fwp%2Fv2%2Ftags&post=685"}],"curies":[{"name":"wp","href":"https:\/\/api.w.org\/{rel}","templated":true}]}}