{"id":725,"date":"2009-02-12T14:09:13","date_gmt":"2009-02-12T13:09:13","guid":{"rendered":"http:\/\/sw-osterfeine.de\/?p=725"},"modified":"2009-02-12T14:09:37","modified_gmt":"2009-02-12T13:09:37","slug":"sportplatze-gesperrt","status":"publish","type":"post","link":"https:\/\/sw-osterfeine.de\/?p=725","title":{"rendered":"Sportpl\u00e4tze gesperrt"},"content":{"rendered":"<p>Der Winter hat alle Pl\u00e4tze unbespielbar gemacht. Daher sind alle Pl\u00e4tze bis auf weiteres f\u00fcr jeden Spiel- und Trainingsbetrieb gesperrt.<br \/>\n Platz 3 in Osterfeine und die Fl\u00e4chen an der Seite und hinter dem Tor in R\u00fcschendorf k\u00f6nnen benutzt werden.<br \/>\n \u00dcber die Freigabe der Pl\u00e4tze erfolgt Info. Nutzung nur nach R\u00fccksprache mit Bubble (4406).<\/p>\n","protected":false},"excerpt":{"rendered":"<p>Der Winter hat alle Pl\u00e4tze unbespielbar gemacht. Daher sind alle Pl\u00e4tze bis auf weiteres f\u00fcr jeden Spiel- und Trainingsbetrieb gesperrt. Platz 3 in Osterfeine und die Fl\u00e4chen an der Seite und hinter dem Tor in R\u00fcschendorf k\u00f6nnen benutzt werden. \u00dcber die Freigabe der Pl\u00e4tze erfolgt Info. Nutzung nur nach R\u00fccksprache mit Bubble (4406).<\/p>\n","protected":false},"author":3,"featured_media":0,"comment_status":"closed","ping_status":"closed","sticky":false,"template":"","format":"standard","meta":{"footnotes":""},"categories":[3],"tags":[],"_links":{"self":[{"href":"https:\/\/sw-osterfeine.de\/index.php?rest_route=\/wp\/v2\/posts\/725"}],"collection":[{"href":"https:\/\/sw-osterfeine.de\/index.php?rest_route=\/wp\/v2\/posts"}],"about":[{"href":"https:\/\/sw-osterfeine.de\/index.php?rest_route=\/wp\/v2\/types\/post"}],"author":[{"embeddable":true,"href":"https:\/\/sw-osterfeine.de\/index.php?rest_route=\/wp\/v2\/users\/3"}],"replies":[{"embeddable":true,"href":"https:\/\/sw-osterfeine.de\/index.php?rest_route=%2Fwp%2Fv2%2Fcomments&post=725"}],"version-history":[{"count":2,"href":"https:\/\/sw-osterfeine.de\/index.php?rest_route=\/wp\/v2\/posts\/725\/revisions"}],"predecessor-version":[{"id":727,"href":"https:\/\/sw-osterfeine.de\/index.php?rest_route=\/wp\/v2\/posts\/725\/revisions\/727"}],"wp:attachment":[{"href":"https:\/\/sw-osterfeine.de\/index.php?rest_route=%2Fwp%2Fv2%2Fmedia&parent=725"}],"wp:term":[{"taxonomy":"category","embeddable":true,"href":"https:\/\/sw-osterfeine.de\/index.php?rest_route=%2Fwp%2Fv2%2Fcategories&post=725"},{"taxonomy":"post_tag","embeddable":true,"href":"https:\/\/sw-osterfeine.de\/index.php?rest_route=%2Fwp%2Fv2%2Ftags&post=725"}],"curies":[{"name":"wp","href":"https:\/\/api.w.org\/{rel}","templated":true}]}}