{"id":731,"date":"2009-02-18T12:11:47","date_gmt":"2009-02-18T11:11:47","guid":{"rendered":"http:\/\/sw-osterfeine.de\/?p=731"},"modified":"2009-02-18T12:11:47","modified_gmt":"2009-02-18T11:11:47","slug":"grose-herausforderungen-vor-osv-sportlern","status":"publish","type":"post","link":"https:\/\/sw-osterfeine.de\/?p=731","title":{"rendered":"Gro\u00dfe Herausforderungen vor OSV-Sportlern"},"content":{"rendered":"<p>Der Carneval ist bei Sportlern und Zuschauern aus dem Kopf und aus den Knochen, denn<br \/>\ngro\u00dfe sportliche Aufgaben stehen in den n\u00e4chsten Tagen vor den Sportlern unserer Leistungsmannschaften.<br \/>\nIm Mittelpunkt steht hierbei sicherlich das alles \u00fcberragende Spitzenspiel unserer Handballdamen am Sonntag, d. 22.2.2009 um 14.00 Uhr in der Sporthalle Osterfeine gegen den Tabellenf\u00fchrer und Titelfavoriten Falke Steinfeld.<br \/>\nAlle OSVer, ob Handballer, Fu\u00dfballer, Ehemalige oder Kinder und Jugendliche alle<br \/>\nSollten in unsere Halle str\u00f6men und unsere Mannschaft anfeuern. Die Spielerinnen um Trainer Norbert Wiese haben es sich in den letzten Monaten verdient vor einer tollen Kulisse auflaufen zu d\u00fcrfen. Also hin zur Halle, Daumen dr\u00fccken und anfeuern bis zum Schluss. Wir w\u00fcnschen der Mannschaft Alles Gute und Viel Gl\u00fcck.<br \/>\nEbenfalls am Sonntag startet unsere I-Herrenmannschaft um 15.00 Uhr in Steinfeld II in die schwere R\u00fcckrunde. Durch die zahlreichen Verletzungen bei unseren Jungs, durch das extreme Aufr\u00fcsten vieler Vereine zur R\u00fcckrunde und den zu erwartenden erh\u00f6hten Abstieg durch den Druck aus der Bezirksoberliga sollte unsere Mannschaft gerade zu Beginn h\u00f6chst aufmerksam sein, um die Abstiegsgefahr nicht nach Osterfeine zu holen.<br \/>\nDer drohende Abstieg liegt auch \u00fcber dem Spiel unserer II-Mannschaft im Heimspiel am Sonntag um 13.15 Uhr gegen Amas. Lohne.<br \/>\nAlso Sonntag ist Gro\u00dfkampftag: I-Damen um 14.00 in Osterfeine<br \/>\n II-Herren um 13.15 in Osterfeine<br \/>\n I-Herren um 15.00 in Steinfeld<\/p>\n<p>Bereits am Samstag macht unsere A-Jugend in Gesmold den Auftakt zur R\u00fcckrunde.<br \/>\nMit Heinkehrer Philip Rusche und mit hoffentlich viel Schwung versuchen die Jungs<br \/>\nEin weiteres Mal sich in der Klasse der Bezirksliga zu halten. Viel Gl\u00fcck.<br \/>\nIn Osterfeine spielen unsere Fu\u00dfballdamen ebenfalls am Samstag um 15.00 Uhr gegen den FC Varenesch<\/p>\n","protected":false},"excerpt":{"rendered":"<p>Der Carneval ist bei Sportlern und Zuschauern aus dem Kopf und aus den Knochen, denn gro\u00dfe sportliche Aufgaben stehen in den n\u00e4chsten Tagen vor den Sportlern unserer Leistungsmannschaften. Im Mittelpunkt steht hierbei sicherlich das alles \u00fcberragende Spitzenspiel unserer Handballdamen am Sonntag, d. 22.2.2009 um 14.00 Uhr in der Sporthalle Osterfeine gegen den Tabellenf\u00fchrer und Titelfavoriten [&hellip;]<\/p>\n","protected":false},"author":3,"featured_media":0,"comment_status":"closed","ping_status":"closed","sticky":false,"template":"","format":"standard","meta":{"footnotes":""},"categories":[3,1],"tags":[],"_links":{"self":[{"href":"https:\/\/sw-osterfeine.de\/index.php?rest_route=\/wp\/v2\/posts\/731"}],"collection":[{"href":"https:\/\/sw-osterfeine.de\/index.php?rest_route=\/wp\/v2\/posts"}],"about":[{"href":"https:\/\/sw-osterfeine.de\/index.php?rest_route=\/wp\/v2\/types\/post"}],"author":[{"embeddable":true,"href":"https:\/\/sw-osterfeine.de\/index.php?rest_route=\/wp\/v2\/users\/3"}],"replies":[{"embeddable":true,"href":"https:\/\/sw-osterfeine.de\/index.php?rest_route=%2Fwp%2Fv2%2Fcomments&post=731"}],"version-history":[{"count":2,"href":"https:\/\/sw-osterfeine.de\/index.php?rest_route=\/wp\/v2\/posts\/731\/revisions"}],"predecessor-version":[{"id":733,"href":"https:\/\/sw-osterfeine.de\/index.php?rest_route=\/wp\/v2\/posts\/731\/revisions\/733"}],"wp:attachment":[{"href":"https:\/\/sw-osterfeine.de\/index.php?rest_route=%2Fwp%2Fv2%2Fmedia&parent=731"}],"wp:term":[{"taxonomy":"category","embeddable":true,"href":"https:\/\/sw-osterfeine.de\/index.php?rest_route=%2Fwp%2Fv2%2Fcategories&post=731"},{"taxonomy":"post_tag","embeddable":true,"href":"https:\/\/sw-osterfeine.de\/index.php?rest_route=%2Fwp%2Fv2%2Ftags&post=731"}],"curies":[{"name":"wp","href":"https:\/\/api.w.org\/{rel}","templated":true}]}}