{"id":764,"date":"2009-02-26T13:49:02","date_gmt":"2009-02-26T12:49:02","guid":{"rendered":"http:\/\/sw-osterfeine.de\/?p=764"},"modified":"2009-02-26T13:49:02","modified_gmt":"2009-02-26T12:49:02","slug":"1herren-der-ruckrundenstart","status":"publish","type":"post","link":"https:\/\/sw-osterfeine.de\/?p=764","title":{"rendered":"1.Herren: Der R\u00fcckrundenstart"},"content":{"rendered":"<p>Der Anfang ist gemacht! Die ersten drei Punkte in diesem Jahr konnten am vergangenen Wochenende bei einem hochmotiviertem Gegner in Steinfeld eingefahren werden. Es war sicherlich kein Spiel f\u00fcr Fu\u00dfball-Feinschmecker, aber auch diese Spiele musst du erstmal gewinnen. <\/p>\n<p>Mit der Vorbereitung auf den R\u00fcckrundenstart begannen wir am 05.01.2009. Die ersten zwei Wochen standen ganz im Zeichen der Grundlagenausdauer. Teilweise auch zwangsl\u00e4ufig, da die Platzverh\u00e4ltnisse kein Fu\u00dfballspiel auf dem gr\u00fcnen Rasen zulie\u00dfen. \u201eImprovisation\u201c war ganz eindeutig das Schlagwort in den sieben Vorbereitungswochen. Das Wetter bestimmte den Trainingsplan, so dass auch ein ums andere mal in der Sporthalle sowie in der Soccer-Halle in Alhorn trainiert wurde. Dennoch lie\u00dfen wir uns von den Umst\u00e4nden nicht beirren, und zogen unser Programm konsequent durch. Vor allem ein Trainingslager \u00fcber ein gesamtes Wochenende erm\u00f6glichte dem Trainer sein ganzes Repertoire der Trainingslehre anzuwenden und die Mannschaft intensiv auf den R\u00fcckrundenstart vorzubereiten.<!--more--><\/p>\n<p>Die gute Trainingsbeteiligung und insgesamt gute Einstellung jedes einzelnen im Trainingsbetrieb wurde durch das Verletzungspech wichtiger Leute ein wenig getr\u00fcbt. Maxi St\u00e4rk schl\u00e4gt sich seit Wochen mit einem l\u00e4dierten Meniskus herum, der einen Einsatz zurzeit unm\u00f6glich macht und Michael Harpenau riss sich im Trainingslager die Au\u00dfenb\u00e4nder. Dar\u00fcber hinaus standen zuletzt Michi Bergmann, Ralf Kreymborg, Ralf Burdiek, Jan-Bernd St\u00e4rk und Pommes ebenfalls aus Verletzungsgr\u00fcnden nicht zur Verf\u00fcgung.<\/p>\n<p>Abgesehen von dieser Tatsache und einigen weiteren Umst\u00e4nden sollte unsere derzeitige und zuk\u00fcnftige Situation in der Bezirksliga realistisch eingesch\u00e4tzt werden.<br \/>\nF\u00fcr diejenigen, die nicht so sehr den Bezirksliga-Fu\u00dfball vom Kern aus betrachten, m\u00f6chte ich nur kurz die derzeitige Entwicklung darstellen. Viele Leute denken, dass in unserer Liga nur immer die Dammer f\u00fcr Schlagzeilen sorgen, da dies in regelm\u00e4\u00dfigen Abst\u00e4nden in gro\u00dfen Berichten in der OV zu lesen ist. Wer jedoch \u00fcber den Tellerrand hinaus schaut, und in der Winterpause die Cloppenburger Zeitungen verfolgt hat, kann sich immer wieder nur wundern. Wie in den letzten Jahren auch, haben sich die Mannschaften aus unserem Nachbarkreis wieder einmal durch die Bank mit namenhaften Fu\u00dfballspielern verst\u00e4rkt. Kr\u00f6sus diesmal sind die Vereine Ramsloh und Lastrup, die beide fast eine komplette Fu\u00dfball-Elf neu verpflichtet haben. Auch Friesoythe hat vor der Saison die gesamte Mannschaft ausgetauscht und steht nun an der Tabellenspitze. Und da soll noch jemand behaupten: Geld schie\u00dft keine Tore!<br \/>\nAuch der derzeitige Tabellenletzte L\u00fcsche hat in der Winterpause tief ins Portemonnaie gegriffen und mit Ferdi Dietrich einen ehemaligen Regionalliga-Torj\u00e4ger dazubekommen. Alleine durch ihn werden sie in der R\u00fcckserie einige Punkte mehr erreichen als in der Hinserie. Deshalb war der Auftaktsieg gegen Steinfeld auch so enorm wichtig. Es sollte unser Ziel sein, gerade in den ersten Spielen schon einige Punkte zu holen, um nicht in gef\u00e4hrliche Regionen zu gelangen. Mit gef\u00e4hrlichen Regionen meine ich nicht etwa die letzten beide Pl\u00e4tze, sondern, wie es aktuell aussieht, die letzten drei Pl\u00e4tze. Die aktuelle Lage in der Bezirksoberliga (L\u00f6ningen, Steinfeld, Lohne, Emstek und Cloppenburg II stark abstiegsgef\u00e4hrdet) macht es m\u00f6glich, dass unsere Liga in der n\u00e4chsten Saison regen Zuwachs \u201evon oben\u201c bekommt, so dass in der laufenden Saison eine Mannschaft mehr absteigen muss.<br \/>\nAufgrund der Tatsache, dass die bereits genannten Mannschaften aus der Bezirksoberliga in der n\u00e4chsten Saison in der Bezirksliga spielen sollten, wird sich die Leistungsst\u00e4rke der Bezirksliga im n\u00e4chsten Jahr deutlich nach oben entwickeln. Es wird mit Sicherheit ein Hauen und Stechen um die Pl\u00e4tze geben, wo wir nat\u00fcrlich auch immer ein W\u00f6rtchen mitreden m\u00f6chten. Es kann also nur das Ziel unserer Mannschaft sein, weiter hart an sich zu arbeiten, starke Jugendspieler wie aktuell Jan Riesenbeck und Lukas Lohmann erfolgreich an die Erste heranf\u00fchren und sich nicht durch irgendwelche Tr\u00e4umer den Kopf verdrehen zu lassen, um auch auf die Jahre hin in Osterfeine Bezirksliga-Fu\u00dfball bieten zu k\u00f6nnen.<\/p>\n<p>Apropos, die Folge eines dritten Absteigers in der Bezirksliga w\u00fcrde im Umkehrschluss auch unsere zweite Mannschaft betreffen. Denn sollten mehrere Vec-Teams aus der Bezirksliga absteigen, w\u00fcrde letztendlich auch in der Kreisliga ein zus\u00e4tzlicher Absteiger ausgespielt.<\/p>\n<p>Es gilt also wachsam zu sein f\u00fcr die Leistungs-Fu\u00dfballer in Osterfeine!<\/p>\n<p>In diesem Sinne!<\/p>\n<p>Christian Harpenau<\/p>\n","protected":false},"excerpt":{"rendered":"<p>Der Anfang ist gemacht! Die ersten drei Punkte in diesem Jahr konnten am vergangenen Wochenende bei einem hochmotiviertem Gegner in Steinfeld eingefahren werden. Es war sicherlich kein Spiel f\u00fcr Fu\u00dfball-Feinschmecker, aber auch diese Spiele musst du erstmal gewinnen. Mit der Vorbereitung auf den R\u00fcckrundenstart begannen wir am 05.01.2009. Die ersten zwei Wochen standen ganz im [&hellip;]<\/p>\n","protected":false},"author":3,"featured_media":0,"comment_status":"closed","ping_status":"closed","sticky":false,"template":"","format":"standard","meta":{"footnotes":""},"categories":[3],"tags":[15,20],"_links":{"self":[{"href":"https:\/\/sw-osterfeine.de\/index.php?rest_route=\/wp\/v2\/posts\/764"}],"collection":[{"href":"https:\/\/sw-osterfeine.de\/index.php?rest_route=\/wp\/v2\/posts"}],"about":[{"href":"https:\/\/sw-osterfeine.de\/index.php?rest_route=\/wp\/v2\/types\/post"}],"author":[{"embeddable":true,"href":"https:\/\/sw-osterfeine.de\/index.php?rest_route=\/wp\/v2\/users\/3"}],"replies":[{"embeddable":true,"href":"https:\/\/sw-osterfeine.de\/index.php?rest_route=%2Fwp%2Fv2%2Fcomments&post=764"}],"version-history":[{"count":2,"href":"https:\/\/sw-osterfeine.de\/index.php?rest_route=\/wp\/v2\/posts\/764\/revisions"}],"predecessor-version":[{"id":766,"href":"https:\/\/sw-osterfeine.de\/index.php?rest_route=\/wp\/v2\/posts\/764\/revisions\/766"}],"wp:attachment":[{"href":"https:\/\/sw-osterfeine.de\/index.php?rest_route=%2Fwp%2Fv2%2Fmedia&parent=764"}],"wp:term":[{"taxonomy":"category","embeddable":true,"href":"https:\/\/sw-osterfeine.de\/index.php?rest_route=%2Fwp%2Fv2%2Fcategories&post=764"},{"taxonomy":"post_tag","embeddable":true,"href":"https:\/\/sw-osterfeine.de\/index.php?rest_route=%2Fwp%2Fv2%2Ftags&post=764"}],"curies":[{"name":"wp","href":"https:\/\/api.w.org\/{rel}","templated":true}]}}