{"id":773,"date":"2009-03-02T18:13:38","date_gmt":"2009-03-02T17:13:38","guid":{"rendered":"http:\/\/sw-osterfeine.de\/?p=773"},"modified":"2009-03-02T18:13:38","modified_gmt":"2009-03-02T17:13:38","slug":"in-doppelter-uberzahl-zum-zweiten-zu-null-erfolg","status":"publish","type":"post","link":"https:\/\/sw-osterfeine.de\/?p=773","title":{"rendered":"In doppelter \u00dcberzahl zum zweiten Zu-Null-Erfolg"},"content":{"rendered":"<p>Osterfeine (fb) &#8211; Mit Blick auf die kommenden schweren Gegner hatten sie auf einen wichtigen Ausw\u00e4rtspunkt geschielt, doch am Ende eines verkorksten Nachmittags standen die Bezirksliga-Fu\u00dfballer des SC Bakum mit leeren H\u00e4nden da. Im Kreisderby bei SW Osterfeine kassierte der Aufsteiger nicht nur eine 0:3 (0:1)-Niederlage, sondern verlor auch noch Torj\u00e4ger Andre von der Wellen durch eine Rote Karte. Im Lager der Gastgeber war man nat\u00fcrlich mit dem Ergebnis zufrieden. Es war der zweite Sieg gegen einen Aufsteiger, dazu beide Mal zu null &#8211; so hatte sich SWO-Trainer Frank B\u00f6ckmann den R\u00fcckrunden-Start vorgestellt.<br \/>\nAuf dem schwer zu bespielenden Gel\u00e4uf kamen beide Mannschaft nur schwer in die G\u00e4nge, fast folgerichtig pr\u00e4gten etliche Fehlp\u00e4sse die zerfahrene Anfangsphase. Osterfeine kam mit den Gegebenheiten allerdings noch etwas besser zu Recht. Ein 25-m-Freisto\u00df von Andre L\u00fcdeke-Dalinghaus wurde vom guten Bakumer Torwart Markus Menke-Zumbr\u00e4gel pariert (12.), dazu scheiterte Angreifer Ansgar gr. Austing aus kurzer Entfernung (28.). Drei Minuten sp\u00e4ter folgte dann ein Knackpunkt der Partie, als sich Bakums Torj\u00e4ger Andre von der Wellen zu einer T\u00e4tlichkeit gegen seinen Gegenspieler hinrei\u00dfen lie\u00df und folgerichtig per Roter Karte vom Platz geschickt wurde. Vor den n\u00e4chsten hohen H\u00fcrden gegen die Topteams Friesoythe und Dinklage fehlt den G\u00e4sten damit ihr bislang bester Torsch\u00fctze (f\u00fcnf Treffer). In \u00dcberzahl gelang den Gastgebern kurz vor dem Pausentee durch einen 18-m-Freisto\u00dfschlenzer von L\u00fcdeke-Dalinghaus die verdiente F\u00fchrung &#8211; 1:0 (43.).<br \/>\nDirekt nach dem Wechsel schien sich Bakum durch die Gelb-Rote Karte gegen Verteidiger Mike Schw\u00e4rter (52.) dann selbst aller Hoffnungen auf einen Punkt zu rauben &#8211; und h\u00e4tte durch den freistehenden Neuzugang Alexander R\u00fcffert in doppelter Unterzahl doch noch fast den Ausgleich erzielt (64.). Im direkten Gegenzug folgte aber der endg\u00fcltige K.o. f\u00fcr die G\u00e4ste: Michael Kohake traf per 18-m-Schuss zum Osterfeiner 2:0 (65.). Die Platzherren kontrollierten daraufhin die Begegnung und schraubten das Ergebnis durch Stefan Kreymborg noch auf 3:0 (85., 16-m-Schuss nach Kamps-Pass). Eine sehr starke Partie bei den Schwarz-Wei\u00dfen zeigte der A-Jugendliche Lukas Lohmann als Manndecker. Bei den G\u00e4ste war dagegen Mittelfeldspieler Yilmaz Karatas immer um Ordnung in den Bakumer Reihen bem\u00fcht. (Quelle: www.ov-online.de)<\/p>\n","protected":false},"excerpt":{"rendered":"<p>Osterfeine (fb) &#8211; Mit Blick auf die kommenden schweren Gegner hatten sie auf einen wichtigen Ausw\u00e4rtspunkt geschielt, doch am Ende eines verkorksten Nachmittags standen die Bezirksliga-Fu\u00dfballer des SC Bakum mit leeren H\u00e4nden da. Im Kreisderby bei SW Osterfeine kassierte der Aufsteiger nicht nur eine 0:3 (0:1)-Niederlage, sondern verlor auch noch Torj\u00e4ger Andre von der Wellen [&hellip;]<\/p>\n","protected":false},"author":3,"featured_media":0,"comment_status":"closed","ping_status":"closed","sticky":false,"template":"","format":"standard","meta":{"footnotes":""},"categories":[3],"tags":[15],"_links":{"self":[{"href":"https:\/\/sw-osterfeine.de\/index.php?rest_route=\/wp\/v2\/posts\/773"}],"collection":[{"href":"https:\/\/sw-osterfeine.de\/index.php?rest_route=\/wp\/v2\/posts"}],"about":[{"href":"https:\/\/sw-osterfeine.de\/index.php?rest_route=\/wp\/v2\/types\/post"}],"author":[{"embeddable":true,"href":"https:\/\/sw-osterfeine.de\/index.php?rest_route=\/wp\/v2\/users\/3"}],"replies":[{"embeddable":true,"href":"https:\/\/sw-osterfeine.de\/index.php?rest_route=%2Fwp%2Fv2%2Fcomments&post=773"}],"version-history":[{"count":2,"href":"https:\/\/sw-osterfeine.de\/index.php?rest_route=\/wp\/v2\/posts\/773\/revisions"}],"predecessor-version":[{"id":775,"href":"https:\/\/sw-osterfeine.de\/index.php?rest_route=\/wp\/v2\/posts\/773\/revisions\/775"}],"wp:attachment":[{"href":"https:\/\/sw-osterfeine.de\/index.php?rest_route=%2Fwp%2Fv2%2Fmedia&parent=773"}],"wp:term":[{"taxonomy":"category","embeddable":true,"href":"https:\/\/sw-osterfeine.de\/index.php?rest_route=%2Fwp%2Fv2%2Fcategories&post=773"},{"taxonomy":"post_tag","embeddable":true,"href":"https:\/\/sw-osterfeine.de\/index.php?rest_route=%2Fwp%2Fv2%2Ftags&post=773"}],"curies":[{"name":"wp","href":"https:\/\/api.w.org\/{rel}","templated":true}]}}