{"id":776,"date":"2009-03-07T14:06:57","date_gmt":"2009-03-07T13:06:57","guid":{"rendered":"http:\/\/sw-osterfeine.de\/?p=776"},"modified":"2009-03-07T14:20:41","modified_gmt":"2009-03-07T13:20:41","slug":"die-wichtigsten-informationen-uber-unsere-gestrige-generalversammlung","status":"publish","type":"post","link":"https:\/\/sw-osterfeine.de\/?p=776","title":{"rendered":"Die wichtigsten Informationen \u00fcber unsere gestrige Generalversammlung:"},"content":{"rendered":"<p>einstimmige Wiederwahl aller Vorstandsmitglieder<br \/>\n 1. Vorsitzender Bernard Piening<br \/>\n stellv. Vorsitzender Hubert Putthoff<br \/>\n 2. Vorsitzender Josef Fangmann<br \/>\n 3. Vorsitzender J\u00f6rg Lange<br \/>\n Gesch\u00e4ftsf\u00fchrer Andreas Westendorf<br \/>\n stellv. GF Frank Zerhusen<br \/>\n Kassenwart Ulrich Lampe<br \/>\n Sportwart Hans-J\u00fcrgen Lapke<\/p>\n<p>silberne Ehrennadel des Vereins an:<br \/>\n Franz Lamping<br \/>\n Hans Gravemeyer<br \/>\n Andreas Knochenwefel<br \/>\n Andreas Westendorf<\/p>\n<p><a href=\"https:\/\/sw-osterfeine.de\/wp-content\/uploads\/2009\/03\/img_3472.jpg\" data-rel=\"lightbox-image-0\" data-rl_title=\"\" data-rl_caption=\"\"><img loading=\"lazy\" decoding=\"async\" class=\"alignnone size-thumbnail wp-image-782\" title=\"\" src=\"https:\/\/sw-osterfeine.de\/wp-content\/uploads\/2009\/03\/img_3472-150x150.jpg\" alt=\"img_3472\" width=\"150\" height=\"150\" \/><\/a><a href=\"https:\/\/sw-osterfeine.de\/wp-content\/uploads\/2009\/03\/img_3470.jpg\" data-rel=\"lightbox-image-1\" data-rl_title=\"\" data-rl_caption=\"\"><img loading=\"lazy\" decoding=\"async\" class=\"alignnone size-thumbnail wp-image-781\" title=\"\" src=\"https:\/\/sw-osterfeine.de\/wp-content\/uploads\/2009\/03\/img_3470-150x150.jpg\" alt=\"img_3470\" width=\"150\" height=\"150\" \/><\/a><a href=\"https:\/\/sw-osterfeine.de\/wp-content\/uploads\/2009\/03\/img_3467.jpg\" data-rel=\"lightbox-image-2\" data-rl_title=\"\" data-rl_caption=\"\"><img loading=\"lazy\" decoding=\"async\" class=\"alignnone size-thumbnail wp-image-780\" title=\"\" src=\"https:\/\/sw-osterfeine.de\/wp-content\/uploads\/2009\/03\/img_3467-150x150.jpg\" alt=\"img_3467\" width=\"150\" height=\"150\" \/><\/a><br \/>\n <a href=\"https:\/\/sw-osterfeine.de\/wp-content\/uploads\/2009\/03\/img_3465.jpg\" data-rel=\"lightbox-image-3\" data-rl_title=\"\" data-rl_caption=\"\"><img loading=\"lazy\" decoding=\"async\" class=\"alignnone size-thumbnail wp-image-779\" title=\"\" src=\"https:\/\/sw-osterfeine.de\/wp-content\/uploads\/2009\/03\/img_3465-150x150.jpg\" alt=\"img_3465\" width=\"150\" height=\"150\" \/><\/a><a href=\"https:\/\/sw-osterfeine.de\/wp-content\/uploads\/2009\/03\/img_3462.jpg\" data-rel=\"lightbox-image-4\" data-rl_title=\"\" data-rl_caption=\"\"><img loading=\"lazy\" decoding=\"async\" class=\"alignnone size-thumbnail wp-image-778\" title=\"\" src=\"https:\/\/sw-osterfeine.de\/wp-content\/uploads\/2009\/03\/img_3462-150x150.jpg\" alt=\"img_3462\" width=\"150\" height=\"150\" \/><\/a><a href=\"https:\/\/sw-osterfeine.de\/wp-content\/uploads\/2009\/03\/img_3460.jpg\" data-rel=\"lightbox-image-5\" data-rl_title=\"\" data-rl_caption=\"\"><img loading=\"lazy\" decoding=\"async\" class=\"alignnone size-thumbnail wp-image-777\" title=\"\" src=\"https:\/\/sw-osterfeine.de\/wp-content\/uploads\/2009\/03\/img_3460-150x150.jpg\" alt=\"img_3460\" width=\"150\" height=\"150\" \/><\/a><\/p>\n<p><br class=\"spacer_\" \/><\/p>\n","protected":false},"excerpt":{"rendered":"<p>einstimmige Wiederwahl aller Vorstandsmitglieder 1. Vorsitzender Bernard Piening stellv. Vorsitzender Hubert Putthoff 2. Vorsitzender Josef Fangmann 3. Vorsitzender J\u00f6rg Lange Gesch\u00e4ftsf\u00fchrer Andreas Westendorf stellv. GF Frank Zerhusen Kassenwart Ulrich Lampe Sportwart Hans-J\u00fcrgen Lapke silberne Ehrennadel des Vereins an: Franz Lamping Hans Gravemeyer Andreas Knochenwefel Andreas Westendorf<\/p>\n","protected":false},"author":3,"featured_media":0,"comment_status":"closed","ping_status":"closed","sticky":false,"template":"","format":"standard","meta":{"footnotes":""},"categories":[3,1],"tags":[],"_links":{"self":[{"href":"https:\/\/sw-osterfeine.de\/index.php?rest_route=\/wp\/v2\/posts\/776"}],"collection":[{"href":"https:\/\/sw-osterfeine.de\/index.php?rest_route=\/wp\/v2\/posts"}],"about":[{"href":"https:\/\/sw-osterfeine.de\/index.php?rest_route=\/wp\/v2\/types\/post"}],"author":[{"embeddable":true,"href":"https:\/\/sw-osterfeine.de\/index.php?rest_route=\/wp\/v2\/users\/3"}],"replies":[{"embeddable":true,"href":"https:\/\/sw-osterfeine.de\/index.php?rest_route=%2Fwp%2Fv2%2Fcomments&post=776"}],"version-history":[{"count":6,"href":"https:\/\/sw-osterfeine.de\/index.php?rest_route=\/wp\/v2\/posts\/776\/revisions"}],"predecessor-version":[{"id":784,"href":"https:\/\/sw-osterfeine.de\/index.php?rest_route=\/wp\/v2\/posts\/776\/revisions\/784"}],"wp:attachment":[{"href":"https:\/\/sw-osterfeine.de\/index.php?rest_route=%2Fwp%2Fv2%2Fmedia&parent=776"}],"wp:term":[{"taxonomy":"category","embeddable":true,"href":"https:\/\/sw-osterfeine.de\/index.php?rest_route=%2Fwp%2Fv2%2Fcategories&post=776"},{"taxonomy":"post_tag","embeddable":true,"href":"https:\/\/sw-osterfeine.de\/index.php?rest_route=%2Fwp%2Fv2%2Ftags&post=776"}],"curies":[{"name":"wp","href":"https:\/\/api.w.org\/{rel}","templated":true}]}}