{"id":794,"date":"2009-03-10T22:20:39","date_gmt":"2009-03-10T21:20:39","guid":{"rendered":"http:\/\/sw-osterfeine.de\/?p=794"},"modified":"2009-03-10T22:24:47","modified_gmt":"2009-03-10T21:24:47","slug":"liebe-freunde-des-sports","status":"publish","type":"post","link":"https:\/\/sw-osterfeine.de\/?p=794","title":{"rendered":"Liebe Freunde des Sports,"},"content":{"rendered":"<p>der Sportverein Schwarz-Wei\u00df Osterfeine verf\u00fcgt mittlerweile \u00fcber ca 1.450 Mitglieder. In 61 Mannschaften bzw. Gruppen wird unter der Regie des OSV organisiert Sport getrieben. Damit alle Mitglieder aber auch alle anderen Sportinteressierten in Osterfeine , R\u00fcschendorf und Umgebung einmal genau wissen, was im Verein angeboten wird, wer f\u00fcr was zust\u00e4ndig ist, an wen ich mich wenden\u00a0 kann, wer wo spielt oder trainiert, versuchen wir mit diesem Heft einen \u00dcberblick \u00fcber den OSV im Jahre 2009 zu geben.<\/p>\n<p><span style=\"color: #000000;\">Das Heft liegt im PDF-Format vor, und kann mit dem Adobe reader ge\u00f6ffnet werden.<\/span><\/p>\n<ul>\n<li><span style=\"color: #ff0000;\">&#8212;&#8211;&gt;\u00a0\u00a0<a href=\"http:\/\/\" target=\"_blank\"> <\/a><a href=\"https:\/\/sw-osterfeine.de\/wp-content\/uploads\/2009\/03\/sw-aktuell-marz-2009.pdf\" target=\"_blank\">Heft herunterladen (hier klicken)<\/a><br \/>\n <\/span><\/li>\n<\/ul>\n","protected":false},"excerpt":{"rendered":"<p>der Sportverein Schwarz-Wei\u00df Osterfeine verf\u00fcgt mittlerweile \u00fcber ca 1.450 Mitglieder. In 61 Mannschaften bzw. Gruppen wird unter der Regie des OSV organisiert Sport getrieben. Damit alle Mitglieder aber auch alle anderen Sportinteressierten in Osterfeine , R\u00fcschendorf und Umgebung einmal genau wissen, was im Verein angeboten wird, wer f\u00fcr was zust\u00e4ndig ist, an wen ich mich [&hellip;]<\/p>\n","protected":false},"author":3,"featured_media":0,"comment_status":"closed","ping_status":"closed","sticky":false,"template":"","format":"standard","meta":{"footnotes":""},"categories":[3,1],"tags":[],"_links":{"self":[{"href":"https:\/\/sw-osterfeine.de\/index.php?rest_route=\/wp\/v2\/posts\/794"}],"collection":[{"href":"https:\/\/sw-osterfeine.de\/index.php?rest_route=\/wp\/v2\/posts"}],"about":[{"href":"https:\/\/sw-osterfeine.de\/index.php?rest_route=\/wp\/v2\/types\/post"}],"author":[{"embeddable":true,"href":"https:\/\/sw-osterfeine.de\/index.php?rest_route=\/wp\/v2\/users\/3"}],"replies":[{"embeddable":true,"href":"https:\/\/sw-osterfeine.de\/index.php?rest_route=%2Fwp%2Fv2%2Fcomments&post=794"}],"version-history":[{"count":7,"href":"https:\/\/sw-osterfeine.de\/index.php?rest_route=\/wp\/v2\/posts\/794\/revisions"}],"predecessor-version":[{"id":797,"href":"https:\/\/sw-osterfeine.de\/index.php?rest_route=\/wp\/v2\/posts\/794\/revisions\/797"}],"wp:attachment":[{"href":"https:\/\/sw-osterfeine.de\/index.php?rest_route=%2Fwp%2Fv2%2Fmedia&parent=794"}],"wp:term":[{"taxonomy":"category","embeddable":true,"href":"https:\/\/sw-osterfeine.de\/index.php?rest_route=%2Fwp%2Fv2%2Fcategories&post=794"},{"taxonomy":"post_tag","embeddable":true,"href":"https:\/\/sw-osterfeine.de\/index.php?rest_route=%2Fwp%2Fv2%2Ftags&post=794"}],"curies":[{"name":"wp","href":"https:\/\/api.w.org\/{rel}","templated":true}]}}