{"id":808,"date":"2009-03-12T14:00:38","date_gmt":"2009-03-12T13:00:38","guid":{"rendered":"http:\/\/sw-osterfeine.de\/?p=808"},"modified":"2009-03-12T14:00:38","modified_gmt":"2009-03-12T13:00:38","slug":"1-herren-news","status":"publish","type":"post","link":"https:\/\/sw-osterfeine.de\/?p=808","title":{"rendered":"1. Herren &#8211; NEWS &#8211;"},"content":{"rendered":"<ul>\n<li>Jan-Bernd St\u00e4rk befindet sich nach \u00fcberstandener Grippe wieder im Mannschaftstraining<\/li>\n<li>Auch Takahara Bergmann hat seine Zerrung \u00fcberwunden und steht wieder zur Verf\u00fcgung<\/li>\n<li>Ansgar Austing zog sich gegen Bakum eine schwere Waden-Prellung zu und wird aller Voraussicht nach gegen Molbergen nicht im Kader stehen<\/li>\n<li>Maxi St\u00e4rk wird seit Wochen von Meniskus-Problemen geplagt und steht der Mannschaft bis auf weiteres nicht zur Verf\u00fcgung. Eine Untersuchung bei einem Spezialisten in der kommenden Woche soll f\u00fcr mehr Klarheit sorgen.<\/li>\n<li>Michael Harpenau stand zweieinhalb Wochen nach einem Au\u00dfenbandriss gegen Bakum wieder auf dem Platz und stabilisierte unser defensives Mittelfeld<\/li>\n<li>Stefan Kreymborg verf\u00fcgt als einziger Spieler \u00fcber eine 100%-ige Trainingsbeteiligung<\/li>\n<li>Jan-Bernd St\u00e4rk, Pommes und Markus Niehues wurden in den vergangenen zwei Wochen jeweils 25 Jahre alt und organisierten aus diesem Anlass eine gemeinsame Feier auf dem Hofe St\u00e4rk<\/li>\n<li>Kampo absolviert derzeit die Meisterschule und kann nur eingeschr\u00e4nkt trainieren<\/li>\n<li>Dirk Hillmann aus der zweiten Mannschaft gab in Steinfeld sein Bezirksliga-Deb\u00fct<\/li>\n<li>B-Jugend-Torwart Breiti trainierte am Dienstag bei der ersten Mannschaft mit und hinterlie\u00df einen hochmotivierten Eindruck<\/li>\n<li>Michael Kohake und Stefan Kreymborg erzielten gegen Bakum jeweils ihr erstes Saisontor<\/li>\n<li>Die Mannschaft hat nun zwei Heimspiele in Folge: Nachdem der SV Molbergen in dieser Woche zu Gast in Osterfeine ist, erwarten wir in der kommenden Woche RW Visbek. Es handelt sich hierbei um ganz wichtige Begegnungen, durch die sich die Mannschaft bei positivem Ausgang entscheidend von den gef\u00e4hrlichen Tabellenregionen distanzieren kann.<\/li>\n<li>Das spielfreie Wochenende nutzten einige Spieler um potentielle Gegner f\u00fcr die kommende Saison zu beobachten (Lohne : Steinfeld) <\/li>\n<\/ul>\n","protected":false},"excerpt":{"rendered":"<p>Jan-Bernd St\u00e4rk befindet sich nach \u00fcberstandener Grippe wieder im Mannschaftstraining Auch Takahara Bergmann hat seine Zerrung \u00fcberwunden und steht wieder zur Verf\u00fcgung Ansgar Austing zog sich gegen Bakum eine schwere Waden-Prellung zu und wird aller Voraussicht nach gegen Molbergen nicht im Kader stehen Maxi St\u00e4rk wird seit Wochen von Meniskus-Problemen geplagt und steht der Mannschaft [&hellip;]<\/p>\n","protected":false},"author":3,"featured_media":0,"comment_status":"closed","ping_status":"closed","sticky":false,"template":"","format":"standard","meta":{"footnotes":""},"categories":[3],"tags":[15,29],"_links":{"self":[{"href":"https:\/\/sw-osterfeine.de\/index.php?rest_route=\/wp\/v2\/posts\/808"}],"collection":[{"href":"https:\/\/sw-osterfeine.de\/index.php?rest_route=\/wp\/v2\/posts"}],"about":[{"href":"https:\/\/sw-osterfeine.de\/index.php?rest_route=\/wp\/v2\/types\/post"}],"author":[{"embeddable":true,"href":"https:\/\/sw-osterfeine.de\/index.php?rest_route=\/wp\/v2\/users\/3"}],"replies":[{"embeddable":true,"href":"https:\/\/sw-osterfeine.de\/index.php?rest_route=%2Fwp%2Fv2%2Fcomments&post=808"}],"version-history":[{"count":3,"href":"https:\/\/sw-osterfeine.de\/index.php?rest_route=\/wp\/v2\/posts\/808\/revisions"}],"predecessor-version":[{"id":811,"href":"https:\/\/sw-osterfeine.de\/index.php?rest_route=\/wp\/v2\/posts\/808\/revisions\/811"}],"wp:attachment":[{"href":"https:\/\/sw-osterfeine.de\/index.php?rest_route=%2Fwp%2Fv2%2Fmedia&parent=808"}],"wp:term":[{"taxonomy":"category","embeddable":true,"href":"https:\/\/sw-osterfeine.de\/index.php?rest_route=%2Fwp%2Fv2%2Fcategories&post=808"},{"taxonomy":"post_tag","embeddable":true,"href":"https:\/\/sw-osterfeine.de\/index.php?rest_route=%2Fwp%2Fv2%2Ftags&post=808"}],"curies":[{"name":"wp","href":"https:\/\/api.w.org\/{rel}","templated":true}]}}