{"id":844,"date":"2009-03-28T14:11:47","date_gmt":"2009-03-28T13:11:47","guid":{"rendered":"http:\/\/sw-osterfeine.de\/?p=844"},"modified":"2009-03-28T14:11:47","modified_gmt":"2009-03-28T13:11:47","slug":"damenfussball-sv-bakumcarum-ii","status":"publish","type":"post","link":"https:\/\/sw-osterfeine.de\/?p=844","title":{"rendered":"Damenfussball: SV Bakum\/Carum II"},"content":{"rendered":"<p>\nEndlich war es soweit, das erste Heimspiel der R\u00fcckrunde. <br \/>\nDas Spiel begann ausgeglichen, da wir jedoch nicht eng genug an den gegnerischen Spielerinnen waren, lagen wir fr\u00fch durch eine abgef\u00e4lschte Flanke mit 0:1 zur\u00fcck. Davon lie\u00dfen wir uns aber nicht verunsichern, machten die R\u00e4ume zu und nahmen das Spiel in die Hand. Folgerichtig glichen wir nach einer Ecke durch Jana Niehues zum 1:1 aus. Wir lie\u00dfen den Ball weiter laufen und erspielten uns noch weitere Chancen, die wir aber nicht im Netz unterbringen konnten. Somit ging es mit dem 1:1 in die Kabine.<br \/>\nNach Wiederanpfiff hatten wir unsere st\u00e4rkste Phase des Spiels. Wir spielten offensiv, liefen viel und konnten durch Laura-Sophie B\u00f6ckerstette auf 2:1 erh\u00f6hen. Nur einige Minuten sp\u00e4ter bauten wir unseren Vorsprung durch Judith Robke auf 3:1 aus. Als dann auch noch Anne Meyer das 4:1 schoss glaubten wir die drei Punkte schon im Sack zu haben und lie\u00dfen den Bakumerinnen mehr Platz zum Spielen und Kombinieren. <br \/>\nIn der Schlussphase lie\u00dfen wir uns jedoch zu mehreren Hand-spielen in Strafraumn\u00e4he hinrei\u00dfen wodurch die Gegner einige gute Freisto\u00dfm\u00f6glichkeiten erhielten, zu unserem Gl\u00fcck nahmen die G\u00e4ste diese Chancen nicht wahr. In der 75 Minute wurde es noch einmal interessant, da der Schiedsrichter nach vorausgegangenem Trikotziehen im Strafraum auf den Punkt zeigte- 11 m f\u00fcr Bakum. Da Torh\u00fcterin Teresa Wehri zwar am Ball dran war, ihn jedoch nur an den Innenpfosten lenken konnte stand es nur noch 4:2. <br \/>\nF\u00fcr den Schlussakzent des Spiels sorgte jedoch Judith Robke, die einen Strafsto\u00df- diesmal jedoch f\u00fcr Osterfeine- sicher im Tor unterbringen konnte.<\/p>\n<p>Kreispokal Halbfinale<br \/>\nAm Sonntag, den 03. Mai. 2009 um 10.30 Uhr in Osterfeine<\/p>\n<p>Wie einigen bereits bekannt ist steht die Damenmannschaft von Osterfeine im Halbfinale des Kreispokals. Auf diesem Weg wurden bereits der FC Lastrup (Vorrunde), aber auch h\u00f6herk-lassige Mannschaften wie Damme I (Kreisliga &#8211; Achtelfinale) und der SV B\u00f6sel (Tabellenf\u00fchrer Kreisliga &#8211; Viertelfinale) bez-wungen. <br \/>\nIm Halbfinale geht es nun gegen den SV Lindern (Kreisliga), da dies kein Selbstl\u00e4ufer wird w\u00fcrden wir uns sehr \u00fcber viele Zuschauer und hoffentlich auch zuk\u00fcnftige Fans freuen. Denn nur mit der Unterst\u00fctzung der Osterfeiner und nat\u00fcrlich auch aller anderen Fu\u00dfballbegeisterten kann es uns gelingen in das Finale einzuziehen. <br \/>\nAlso kommt am Sonntag, den 03. Mai um 10.30 Uhr zum Sportplatz nach Osterfeine.<\/p>\n","protected":false},"excerpt":{"rendered":"<p>Endlich war es soweit, das erste Heimspiel der R\u00fcckrunde. Das Spiel begann ausgeglichen, da wir jedoch nicht eng genug an den gegnerischen Spielerinnen waren, lagen wir fr\u00fch durch eine abgef\u00e4lschte Flanke mit 0:1 zur\u00fcck. Davon lie\u00dfen wir uns aber nicht verunsichern, machten die R\u00e4ume zu und nahmen das Spiel in die Hand. Folgerichtig glichen wir [&hellip;]<\/p>\n","protected":false},"author":3,"featured_media":0,"comment_status":"closed","ping_status":"closed","sticky":false,"template":"","format":"standard","meta":{"footnotes":""},"categories":[3],"tags":[],"_links":{"self":[{"href":"https:\/\/sw-osterfeine.de\/index.php?rest_route=\/wp\/v2\/posts\/844"}],"collection":[{"href":"https:\/\/sw-osterfeine.de\/index.php?rest_route=\/wp\/v2\/posts"}],"about":[{"href":"https:\/\/sw-osterfeine.de\/index.php?rest_route=\/wp\/v2\/types\/post"}],"author":[{"embeddable":true,"href":"https:\/\/sw-osterfeine.de\/index.php?rest_route=\/wp\/v2\/users\/3"}],"replies":[{"embeddable":true,"href":"https:\/\/sw-osterfeine.de\/index.php?rest_route=%2Fwp%2Fv2%2Fcomments&post=844"}],"version-history":[{"count":1,"href":"https:\/\/sw-osterfeine.de\/index.php?rest_route=\/wp\/v2\/posts\/844\/revisions"}],"predecessor-version":[{"id":845,"href":"https:\/\/sw-osterfeine.de\/index.php?rest_route=\/wp\/v2\/posts\/844\/revisions\/845"}],"wp:attachment":[{"href":"https:\/\/sw-osterfeine.de\/index.php?rest_route=%2Fwp%2Fv2%2Fmedia&parent=844"}],"wp:term":[{"taxonomy":"category","embeddable":true,"href":"https:\/\/sw-osterfeine.de\/index.php?rest_route=%2Fwp%2Fv2%2Fcategories&post=844"},{"taxonomy":"post_tag","embeddable":true,"href":"https:\/\/sw-osterfeine.de\/index.php?rest_route=%2Fwp%2Fv2%2Ftags&post=844"}],"curies":[{"name":"wp","href":"https:\/\/api.w.org\/{rel}","templated":true}]}}