{"id":846,"date":"2009-03-28T14:13:26","date_gmt":"2009-03-28T13:13:26","guid":{"rendered":"http:\/\/sw-osterfeine.de\/?p=846"},"modified":"2009-03-28T14:13:26","modified_gmt":"2009-03-28T13:13:26","slug":"bericht-handball-c-jugend-2","status":"publish","type":"post","link":"https:\/\/sw-osterfeine.de\/?p=846","title":{"rendered":"Bericht: Handball C-Jugend"},"content":{"rendered":"<div>Niederlage gegen den Meister Garrel<\/div>\n<div>Im letzten Saisonspiel 08\/09 mussten sich die M\u00e4dels dem Meister aus Garrel mit 24:17 geschlagen geben. Zu stark war die Mannschaft, die zum Teil schon bei den Landesliga-B-M\u00e4dels aushilft. Aber ich m\u00f6chte\u00a0der Mannschaft ein Lob zollen f\u00fcr die tolle Moral, die an den Tag gelegt wurde. Trotz eines teilweise 10-Tore-R\u00fcckstandes gaben sich die SWO-M\u00e4dchen nicht auf und k\u00e4mpften sich noch  einmal auf 4 Tore heran. Dann jedoch lie\u00dfen die Kr\u00e4fte des nur neunk\u00f6pfigen Kaders nach und man verlor letztendlich auch verdient mit 7 Toren Unterschied. Nun hei\u00dft es Wunden lecken, Blessuren auskurieren und dann volle Konzentration auf die Relegation! Mal ehen, zu was die M\u00e4dels dann f\u00e4hig sind!<\/div>\n","protected":false},"excerpt":{"rendered":"<p>Niederlage gegen den Meister Garrel Im letzten Saisonspiel 08\/09 mussten sich die M\u00e4dels dem Meister aus Garrel mit 24:17 geschlagen geben. Zu stark war die Mannschaft, die zum Teil schon bei den Landesliga-B-M\u00e4dels aushilft. Aber ich m\u00f6chte\u00a0der Mannschaft ein Lob zollen f\u00fcr die tolle Moral, die an den Tag gelegt wurde. Trotz eines teilweise 10-Tore-R\u00fcckstandes [&hellip;]<\/p>\n","protected":false},"author":3,"featured_media":0,"comment_status":"closed","ping_status":"closed","sticky":false,"template":"","format":"standard","meta":{"footnotes":""},"categories":[1],"tags":[],"_links":{"self":[{"href":"https:\/\/sw-osterfeine.de\/index.php?rest_route=\/wp\/v2\/posts\/846"}],"collection":[{"href":"https:\/\/sw-osterfeine.de\/index.php?rest_route=\/wp\/v2\/posts"}],"about":[{"href":"https:\/\/sw-osterfeine.de\/index.php?rest_route=\/wp\/v2\/types\/post"}],"author":[{"embeddable":true,"href":"https:\/\/sw-osterfeine.de\/index.php?rest_route=\/wp\/v2\/users\/3"}],"replies":[{"embeddable":true,"href":"https:\/\/sw-osterfeine.de\/index.php?rest_route=%2Fwp%2Fv2%2Fcomments&post=846"}],"version-history":[{"count":1,"href":"https:\/\/sw-osterfeine.de\/index.php?rest_route=\/wp\/v2\/posts\/846\/revisions"}],"predecessor-version":[{"id":847,"href":"https:\/\/sw-osterfeine.de\/index.php?rest_route=\/wp\/v2\/posts\/846\/revisions\/847"}],"wp:attachment":[{"href":"https:\/\/sw-osterfeine.de\/index.php?rest_route=%2Fwp%2Fv2%2Fmedia&parent=846"}],"wp:term":[{"taxonomy":"category","embeddable":true,"href":"https:\/\/sw-osterfeine.de\/index.php?rest_route=%2Fwp%2Fv2%2Fcategories&post=846"},{"taxonomy":"post_tag","embeddable":true,"href":"https:\/\/sw-osterfeine.de\/index.php?rest_route=%2Fwp%2Fv2%2Ftags&post=846"}],"curies":[{"name":"wp","href":"https:\/\/api.w.org\/{rel}","templated":true}]}}