{"id":867,"date":"2009-04-05T16:56:45","date_gmt":"2009-04-05T15:56:45","guid":{"rendered":"http:\/\/sw-osterfeine.de\/?p=867"},"modified":"2009-04-05T16:56:45","modified_gmt":"2009-04-05T15:56:45","slug":"schlagzeilen-vom-wochenende-im-osv","status":"publish","type":"post","link":"https:\/\/sw-osterfeine.de\/?p=867","title":{"rendered":"Schlagzeilen vom Wochenende im OSV"},"content":{"rendered":"<ul>\n<li>Norbert Wiese trainiert auch in der Spielserie 2009\/2010 die I-Handballdamenmannschaft von SW Osterfeine \u2013 und das ist gut so.<\/li>\n<li>A-Jugend von SW Osterfeine gewinnt \u00fcberragend mit 5:0 Punktspiel beim Tabellennachbarn TUS Bersenbr\u00fcck. Steffen Kreymborg dabei 5-facher Torsch\u00fctze. Gl\u00fcckwunsch Steffen.<\/li>\n<li>Hubert Pieper trainiert\u00a0 auch im kommenden Jahr die A-Jugend von SW Osterfeine \u2013 auch das ist gut so.<\/li>\n<li>G\u00fcnter Lampe auch n\u00e4chstes Jahr Trainer von SW Osterfeine II \u2013 und auch das ist gut so.<\/li>\n<li>Der Zaun auf Platz II ist fertig; die Trib\u00fcnentreppen auf Platz II ebenso; die Fertigstellung des Flutlichtes auf Platz I kommt voran.<\/li>\n<li>Jugendabteilung sucht dringend Trainer f\u00fcr Jugendarbeit; Vermutlich mehr Mannschaften in der Jugend als je zuvor. Stellt Euch als Trainer zur Verf\u00fcgung \u2013 die Kinder werden es Euch danken.<\/li>\n<\/ul>\n<p><br class=\"spacer_\" \/><\/p>\n","protected":false},"excerpt":{"rendered":"<p>Norbert Wiese trainiert auch in der Spielserie 2009\/2010 die I-Handballdamenmannschaft von SW Osterfeine \u2013 und das ist gut so. A-Jugend von SW Osterfeine gewinnt \u00fcberragend mit 5:0 Punktspiel beim Tabellennachbarn TUS Bersenbr\u00fcck. Steffen Kreymborg dabei 5-facher Torsch\u00fctze. Gl\u00fcckwunsch Steffen. Hubert Pieper trainiert\u00a0 auch im kommenden Jahr die A-Jugend von SW Osterfeine \u2013 auch das ist [&hellip;]<\/p>\n","protected":false},"author":3,"featured_media":0,"comment_status":"closed","ping_status":"closed","sticky":false,"template":"","format":"standard","meta":{"footnotes":""},"categories":[3,1],"tags":[31],"_links":{"self":[{"href":"https:\/\/sw-osterfeine.de\/index.php?rest_route=\/wp\/v2\/posts\/867"}],"collection":[{"href":"https:\/\/sw-osterfeine.de\/index.php?rest_route=\/wp\/v2\/posts"}],"about":[{"href":"https:\/\/sw-osterfeine.de\/index.php?rest_route=\/wp\/v2\/types\/post"}],"author":[{"embeddable":true,"href":"https:\/\/sw-osterfeine.de\/index.php?rest_route=\/wp\/v2\/users\/3"}],"replies":[{"embeddable":true,"href":"https:\/\/sw-osterfeine.de\/index.php?rest_route=%2Fwp%2Fv2%2Fcomments&post=867"}],"version-history":[{"count":1,"href":"https:\/\/sw-osterfeine.de\/index.php?rest_route=\/wp\/v2\/posts\/867\/revisions"}],"predecessor-version":[{"id":868,"href":"https:\/\/sw-osterfeine.de\/index.php?rest_route=\/wp\/v2\/posts\/867\/revisions\/868"}],"wp:attachment":[{"href":"https:\/\/sw-osterfeine.de\/index.php?rest_route=%2Fwp%2Fv2%2Fmedia&parent=867"}],"wp:term":[{"taxonomy":"category","embeddable":true,"href":"https:\/\/sw-osterfeine.de\/index.php?rest_route=%2Fwp%2Fv2%2Fcategories&post=867"},{"taxonomy":"post_tag","embeddable":true,"href":"https:\/\/sw-osterfeine.de\/index.php?rest_route=%2Fwp%2Fv2%2Ftags&post=867"}],"curies":[{"name":"wp","href":"https:\/\/api.w.org\/{rel}","templated":true}]}}