{"id":872,"date":"2009-04-06T10:47:15","date_gmt":"2009-04-06T09:47:15","guid":{"rendered":"http:\/\/sw-osterfeine.de\/?p=872"},"modified":"2009-04-06T10:48:05","modified_gmt":"2009-04-06T09:48:05","slug":"sw-osterfeine-tv-dinklage-01","status":"publish","type":"post","link":"https:\/\/sw-osterfeine.de\/?p=872","title":{"rendered":"SW Osterfeine &#8211; TV Dinklage 0:1"},"content":{"rendered":"<p><a href=\"https:\/\/sw-osterfeine.de\/wp-content\/uploads\/2009\/04\/04spo_06042009.gif\" data-rel=\"lightbox-image-0\" data-rl_title=\"\" data-rl_caption=\"\"><img loading=\"lazy\" decoding=\"async\" class=\"alignleft size-thumbnail wp-image-873\" title=\"\" src=\"https:\/\/sw-osterfeine.de\/wp-content\/uploads\/2009\/04\/04spo_06042009-150x150.gif\" alt=\"04spo_06042009\" width=\"150\" height=\"150\" \/><\/a>Osterfeine (stb) &#8211; Die Bezirksliga-Fu\u00dfballer des TV Dinklage haben ihre erste Reifepr\u00fcfung bestanden. Der heimische Tabellenzweite gewann ein hart umk\u00e4mpftes Derby bei SW Osterfeine verdient mit 1:0 (0:0). F\u00fcr den TVD war es das erste von drei Derbys in Folge. Am Gr\u00fcndonnerstag reisen die Dinklager zu RW Damme, w\u00e4hrend am Ostermontag GW M\u00fchlen im Dinklager Jahnstadion vorstellig wird. &#8222;Auch wenn wir in den n\u00e4chsten Spielen noch eine Sch\u00fcppe drauflegen m\u00fcssen, war es ein verdienter Sieg f\u00fcr uns. Wir haben Osterfeine in dieser Saison zweimal geschlagen &#8211; das hei\u00dft schon was&#8220;, freute sich Dinklagers Trainer Matthias L\u00fcnsmann.<br \/>\n Vor rund 400 Zuschauern unterstrichen die Dinklager mit einer sehr geduldigen Spielweise ihre Ambitionen auf den Bezirksoberliga-Aufstieg. &#8222;Dinklage hat das hier sehr cool gespielt&#8220;, gab auch Osterfeines Betreuer Wolfgang Jacob zu. In einer kampfbetonten Partie hatte Dinklage zun\u00e4chst mehr vom Spiel. Besonders nach Freist\u00f6\u00dfen von TVD-Spielmacher Tobias Schwermann wurde es gef\u00e4hrlich. So parierte SWO-Schlussmann Marco Otte zwei Schwermann-Freist\u00f6\u00dfe gl\u00e4nzend (15.\/45.). Zudem schoss Dinklages Tobias Bl\u00f6mer nach einer Freisto\u00df-Flanke aus f\u00fcnf Metern \u00fcber das Tor (43.). &#8222;Am Anfang haben wir uns etwas schwer getan, weil Osterfeine mit Mann und Maus verteidigt hat&#8220;, erkl\u00e4rte Matthias L\u00fcnsmann. Doch auch die Hausherren kamen trotz defensiver Grundausrichtung zu zwei sehr guten Gelegenheiten durch Christian Harpenau (14.\/36.).<br \/>\n Nach dem Seitenwechsel wurde Dinklage zunehmend st\u00e4rker. So scheiterten Manuel Nuxoll (62.) und Chris Neteler (74.) erneut am starken Marco Otte. &#8222;Besonders unsere St\u00fcrmer hatten es heute unheimlich schwer, da Osterfeines Manndecker wirklich klasse gespielt haben. Wir sind aber geduldig geblieben&#8220;, lobte L\u00fcnsmann seine junge TVD-Elf. Diese Geduld sollte belohnt werden. Nach einer sch\u00f6nen Einzelleistung erzielte der bis dahin gl\u00fccklose TVD-Torj\u00e4ger Manuell Nuxoll den Siegtreffer und avancierte so zum Mann des Tages (78.). (Quelle: www.ov-online.de)<\/p>\n","protected":false},"excerpt":{"rendered":"<p>Osterfeine (stb) &#8211; Die Bezirksliga-Fu\u00dfballer des TV Dinklage haben ihre erste Reifepr\u00fcfung bestanden. Der heimische Tabellenzweite gewann ein hart umk\u00e4mpftes Derby bei SW Osterfeine verdient mit 1:0 (0:0). F\u00fcr den TVD war es das erste von drei Derbys in Folge. Am Gr\u00fcndonnerstag reisen die Dinklager zu RW Damme, w\u00e4hrend am Ostermontag GW M\u00fchlen im Dinklager [&hellip;]<\/p>\n","protected":false},"author":3,"featured_media":0,"comment_status":"closed","ping_status":"closed","sticky":false,"template":"","format":"standard","meta":{"footnotes":""},"categories":[3],"tags":[],"_links":{"self":[{"href":"https:\/\/sw-osterfeine.de\/index.php?rest_route=\/wp\/v2\/posts\/872"}],"collection":[{"href":"https:\/\/sw-osterfeine.de\/index.php?rest_route=\/wp\/v2\/posts"}],"about":[{"href":"https:\/\/sw-osterfeine.de\/index.php?rest_route=\/wp\/v2\/types\/post"}],"author":[{"embeddable":true,"href":"https:\/\/sw-osterfeine.de\/index.php?rest_route=\/wp\/v2\/users\/3"}],"replies":[{"embeddable":true,"href":"https:\/\/sw-osterfeine.de\/index.php?rest_route=%2Fwp%2Fv2%2Fcomments&post=872"}],"version-history":[{"count":3,"href":"https:\/\/sw-osterfeine.de\/index.php?rest_route=\/wp\/v2\/posts\/872\/revisions"}],"predecessor-version":[{"id":876,"href":"https:\/\/sw-osterfeine.de\/index.php?rest_route=\/wp\/v2\/posts\/872\/revisions\/876"}],"wp:attachment":[{"href":"https:\/\/sw-osterfeine.de\/index.php?rest_route=%2Fwp%2Fv2%2Fmedia&parent=872"}],"wp:term":[{"taxonomy":"category","embeddable":true,"href":"https:\/\/sw-osterfeine.de\/index.php?rest_route=%2Fwp%2Fv2%2Fcategories&post=872"},{"taxonomy":"post_tag","embeddable":true,"href":"https:\/\/sw-osterfeine.de\/index.php?rest_route=%2Fwp%2Fv2%2Ftags&post=872"}],"curies":[{"name":"wp","href":"https:\/\/api.w.org\/{rel}","templated":true}]}}