{"id":9158,"date":"2013-12-20T12:50:08","date_gmt":"2013-12-20T11:50:08","guid":{"rendered":"http:\/\/sw-osterfeine.de\/?p=9158"},"modified":"2013-12-20T12:50:08","modified_gmt":"2013-12-20T11:50:08","slug":"2-e-jugend-zu-besuch-in-der-soccerhalle-in-osnabruck-atter-und-mit-ubernachtungsaktion-in-der-sporthalle","status":"publish","type":"post","link":"https:\/\/sw-osterfeine.de\/?p=9158","title":{"rendered":"2. E-Jugend zu Besuch in der Soccerhalle in Osnabr\u00fcck-Atter und mit \u00dcbernachtungsaktion in der Sporthalle"},"content":{"rendered":"<p>Nachdem vor zwei Jahren durch die jetzige 2. E-Jugendmannschaft zum ersten Mal eine Soccerhalle in Gro\u00dfenkneten-Ahlhorn besucht wurde, stand damals schon fest, dass eine solche Aktion unbedingt wiederholt werden muss.<\/p>\n<p>\u00a0Aus diesem Grunde wurde ein erneuter Besuch in einer Soccerhalle vom Trainerteam Andreas Deters, Frank B\u00f6ckmann und J\u00fcrgen Jacob organisiert. Am 07. Dezember ging es mit 11 Spielern in die Soccerhalle nach Osnabr\u00fcck-Atter. Au\u00dferdem begleiteten Maximilian B\u00f6ckmann und Arne Jacob aus der 1. G-Jugend die Mannschaft.\u00a0<\/p>\n<p>\u00a0Am fr\u00fchen Nachmittag richteten sich die Spieler im Fitnessraum zun\u00e4chst ihr Nachtlager f\u00fcr die sp\u00e4ter beabsichtigte \u00dcbernachtungsaktion in der Sporthalle her, bevor es dann in Richtung Osnabr\u00fcck ging.<\/p>\n<p>\u00a0\u00dcber eineinhalb Stunden gaben die Jungs richtig gut Gas und hatten echten Spa\u00df auf dem 15 x 30m gro\u00dfen, mit Kunstrasen und Rundumbande versehenen, Spielfeld. Nebenbei war man auch \u00fcber den nebenbei stattfindenden 15. Bundesligaspieltag st\u00e4ndig auf dem Laufenden.<!--more--><\/p>\n<p>\u00a0Gegen 17:30 Uhr traten wir dann die R\u00fcckreise zum D\u00fcmmer an, wo im Piratenkeller bei Willi Schomaker schon der Clubraum reserviert war. Nach dem anstrengenden Sportprogramm gab es f\u00fcr alle eine St\u00e4rkung mit Pommes und Chicken Nuggets, sowie Getr\u00e4nken.<\/p>\n<p>\u00a0Anschlie\u00dfend ging es dann zur\u00fcck in die Sporthalle, wo wir uns das Spiel unserer 2. Handballdamenmannschaft gegen GW M\u00fchlen ansahen.<\/p>\n<p>\u00a0Nach dem Spiel konnte dann die Sporthalle weiterhin zum Fu\u00dfballspielen oder zur \u00dcbung der ein oder anderen Flugkopfballeinlage genutzt werden. Gegen 23:00 Uhr waren die Kr\u00e4fte unserer Jungs dann aber doch sichtlich am Ende und ohne zu murren wurde das Nachtlager bezogen. Ab Mitternacht machten dann auch die letzten \u201eSchnacker\u201c die Augen zu und so kamen alle zur verdienten Ruhe&#8230;&#8230;..<\/p>\n<p>\u00a0Am Sonntagmorgen wurde die \u00dcbernachtungsaktion mit einem gemeinsamen Fr\u00fchst\u00fcck im Clubraum abgeschlossen und alle Spieler konnten zufrieden, aber vielleicht auch noch ein bi\u00dfchen m\u00fcde von ihren Eltern abgeholt werden.<\/p>\n<p>\u00a0F\u00fcr die 2. E-Jugend<\/p>\n<p>\u00a0J. Jacob<\/p>\n","protected":false},"excerpt":{"rendered":"<p>Nachdem vor zwei Jahren durch die jetzige 2. E-Jugendmannschaft zum ersten Mal eine Soccerhalle in Gro\u00dfenkneten-Ahlhorn besucht wurde, stand damals schon fest, dass eine solche Aktion unbedingt wiederholt werden muss. \u00a0Aus diesem Grunde wurde ein erneuter Besuch in einer Soccerhalle vom Trainerteam Andreas Deters, Frank B\u00f6ckmann und J\u00fcrgen Jacob organisiert. Am 07. Dezember ging es [&hellip;]<\/p>\n","protected":false},"author":3,"featured_media":0,"comment_status":"closed","ping_status":"closed","sticky":false,"template":"","format":"standard","meta":{"footnotes":""},"categories":[3],"tags":[],"_links":{"self":[{"href":"https:\/\/sw-osterfeine.de\/index.php?rest_route=\/wp\/v2\/posts\/9158"}],"collection":[{"href":"https:\/\/sw-osterfeine.de\/index.php?rest_route=\/wp\/v2\/posts"}],"about":[{"href":"https:\/\/sw-osterfeine.de\/index.php?rest_route=\/wp\/v2\/types\/post"}],"author":[{"embeddable":true,"href":"https:\/\/sw-osterfeine.de\/index.php?rest_route=\/wp\/v2\/users\/3"}],"replies":[{"embeddable":true,"href":"https:\/\/sw-osterfeine.de\/index.php?rest_route=%2Fwp%2Fv2%2Fcomments&post=9158"}],"version-history":[{"count":2,"href":"https:\/\/sw-osterfeine.de\/index.php?rest_route=\/wp\/v2\/posts\/9158\/revisions"}],"predecessor-version":[{"id":9160,"href":"https:\/\/sw-osterfeine.de\/index.php?rest_route=\/wp\/v2\/posts\/9158\/revisions\/9160"}],"wp:attachment":[{"href":"https:\/\/sw-osterfeine.de\/index.php?rest_route=%2Fwp%2Fv2%2Fmedia&parent=9158"}],"wp:term":[{"taxonomy":"category","embeddable":true,"href":"https:\/\/sw-osterfeine.de\/index.php?rest_route=%2Fwp%2Fv2%2Fcategories&post=9158"},{"taxonomy":"post_tag","embeddable":true,"href":"https:\/\/sw-osterfeine.de\/index.php?rest_route=%2Fwp%2Fv2%2Ftags&post=9158"}],"curies":[{"name":"wp","href":"https:\/\/api.w.org\/{rel}","templated":true}]}}