{"id":9161,"date":"2013-12-20T12:54:19","date_gmt":"2013-12-20T11:54:19","guid":{"rendered":"http:\/\/sw-osterfeine.de\/?p=9161"},"modified":"2013-12-20T12:54:19","modified_gmt":"2013-12-20T11:54:19","slug":"nikolausfeier-der-g-und-f-jugendmannschaften-von-swo-mit-sehr-guter-beteiligung","status":"publish","type":"post","link":"https:\/\/sw-osterfeine.de\/?p=9161","title":{"rendered":"Nikolausfeier der G- und F-Jugendmannschaften von SWO mit sehr guter Beteiligung"},"content":{"rendered":"<p>Vor drei Jahren wurde durch unsere Jugendabteilung damit begonnen, mit der Durchf\u00fchrung einer Nikolausfeier f\u00fcr unsere j\u00fcngsten Jugendfu\u00dfballer, eine alte Tradition wieder aufleben zu lassen.<\/p>\n<p>\u00a0Hierzu wurden am vergangenen Freitag nun die j\u00fcnsten Kicker unseres Vereins, zusammen mit Eltern, Gro\u00dfeltern und Geschwisterkindern, zur dritten Auflage in die Sporthalle am Kl\u00fcnenberg eingeladen.<\/p>\n<p>\u00a0Wie schon in den vergangenen Jahren, zeichneten sich Frank B\u00f6ckmann und Hans-J\u00fcrgen Lapke f\u00fcr die Organisation und Durchf\u00fchrung dieser Veranstaltung verantwortlich.<\/p>\n<p>\u00a0Gegen\u00fcber den vergangenen Jahren war an diesem Freitag eine nochmalige Steigerung der Teilnehmerzahl festzustellen, was auch die Identifikation mit unserem Sportverein bezeichnet.<\/p>\n<p>Insgesamt erschienen \u00fcber 90 Kinder in unserer Vereinsporthalle, die wiederum von der stolzen Zahl von ca. 70 Eltern, Gro\u00dfeltern und Geschwisterkindern begleitet wurden. Au\u00dferdem waren von allen beteiligten Mannschaften Trainer und Betreuer anwesend, welche unsere beiden Organisatoren in verschiedenster Weise unterst\u00fctzten.<!--more--><\/p>\n<p>\u00a0Unterschiedliche Sportger\u00e4te standen den Kindern zur Verf\u00fcgung mit denen geturnt, geklettert und gespielt werden konnte. Alle Kinder hatten sichtlichen Spa\u00df an diesem Nachmittag. Eltern und Gro\u00dfeltern hatten w\u00e4hrend dessen Zeit, sich im Clubraum bei guten Gespr\u00e4chen eine Tasse Kaffee und ein St\u00fcck selbstgebackenen Kuchen zu g\u00f6nnen.<\/p>\n<p>\u00a0Von einigen Eltern wurde selbst\u00e4ndig Kuchen gebacken und bereitgestellt. Au\u00dferdem wurde in einen aufgestellten Spendenball der ein oder andere Spedeneuro eingeworfen, welcher der Jugendarbeit von SWO zu Gute kommt.\u00a0<\/p>\n<p>\u00a0Hierf\u00fcr bedankt sich das Organisationsteam nochmals ausdr\u00fccklich allen Spendern.<\/p>\n<p>\u00a0F\u00fcr alle Kinder gab es abschlie\u00dfend einen Schokoladennikolaus und eine von der Firma internorm gesponserte Trinkflasche.<\/p>\n<p>\u00a0<\/p>\n\n\t\t<style type=\"text\/css\">\n\t\t\t#gallery-1 {\n\t\t\t\tmargin: auto;\n\t\t\t}\n\t\t\t#gallery-1 .gallery-item {\n\t\t\t\tfloat: left;\n\t\t\t\tmargin-top: 10px;\n\t\t\t\ttext-align: center;\n\t\t\t\twidth: 11%;\n\t\t\t}\n\t\t\t#gallery-1 img {\n\t\t\t\tborder: 2px solid #cfcfcf;\n\t\t\t}\n\t\t\t#gallery-1 .gallery-caption {\n\t\t\t\tmargin-left: 0;\n\t\t\t}\n\t\t\t\/* see gallery_shortcode() in wp-includes\/media.php *\/\n\t\t<\/style>\n\t\t<div id='gallery-1' class='gallery galleryid-9161 gallery-columns-9 gallery-size-thumbnail'><dl class='gallery-item'>\n\t\t\t<dt class='gallery-icon landscape'>\n\t\t\t\t<a href='https:\/\/sw-osterfeine.de\/wp-content\/uploads\/2013\/12\/2013-12-13-16.25.43.jpg' title=\"\" data-rl_title=\"\" class=\"rl-gallery-link\" data-rl_caption=\"\" data-rel=\"lightbox-gallery-1\"><img loading=\"lazy\" decoding=\"async\" width=\"150\" height=\"150\" src=\"https:\/\/sw-osterfeine.de\/wp-content\/uploads\/2013\/12\/2013-12-13-16.25.43-150x150.jpg\" class=\"attachment-thumbnail size-thumbnail\" alt=\"\" \/><\/a>\n\t\t\t<\/dt><\/dl><dl class='gallery-item'>\n\t\t\t<dt class='gallery-icon landscape'>\n\t\t\t\t<a href='https:\/\/sw-osterfeine.de\/wp-content\/uploads\/2013\/12\/2013-12-13-16.18.33.jpg' title=\"\" data-rl_title=\"\" class=\"rl-gallery-link\" data-rl_caption=\"\" data-rel=\"lightbox-gallery-1\"><img loading=\"lazy\" decoding=\"async\" width=\"150\" height=\"150\" src=\"https:\/\/sw-osterfeine.de\/wp-content\/uploads\/2013\/12\/2013-12-13-16.18.33-150x150.jpg\" class=\"attachment-thumbnail size-thumbnail\" alt=\"\" \/><\/a>\n\t\t\t<\/dt><\/dl><dl class='gallery-item'>\n\t\t\t<dt class='gallery-icon landscape'>\n\t\t\t\t<a href='https:\/\/sw-osterfeine.de\/wp-content\/uploads\/2013\/12\/2013-12-13-15.36.16.jpg' title=\"\" data-rl_title=\"\" class=\"rl-gallery-link\" data-rl_caption=\"\" data-rel=\"lightbox-gallery-1\"><img loading=\"lazy\" decoding=\"async\" width=\"150\" height=\"150\" src=\"https:\/\/sw-osterfeine.de\/wp-content\/uploads\/2013\/12\/2013-12-13-15.36.16-150x150.jpg\" class=\"attachment-thumbnail size-thumbnail\" alt=\"\" \/><\/a>\n\t\t\t<\/dt><\/dl><dl class='gallery-item'>\n\t\t\t<dt class='gallery-icon landscape'>\n\t\t\t\t<a href='https:\/\/sw-osterfeine.de\/wp-content\/uploads\/2013\/12\/2013-12-13-15.34.05.jpg' title=\"\" data-rl_title=\"\" class=\"rl-gallery-link\" data-rl_caption=\"\" data-rel=\"lightbox-gallery-1\"><img loading=\"lazy\" decoding=\"async\" width=\"150\" height=\"150\" src=\"https:\/\/sw-osterfeine.de\/wp-content\/uploads\/2013\/12\/2013-12-13-15.34.05-150x150.jpg\" class=\"attachment-thumbnail size-thumbnail\" alt=\"\" \/><\/a>\n\t\t\t<\/dt><\/dl><dl class='gallery-item'>\n\t\t\t<dt class='gallery-icon landscape'>\n\t\t\t\t<a href='https:\/\/sw-osterfeine.de\/wp-content\/uploads\/2013\/12\/2013-12-13-15.31.13.jpg' title=\"\" data-rl_title=\"\" class=\"rl-gallery-link\" data-rl_caption=\"\" data-rel=\"lightbox-gallery-1\"><img loading=\"lazy\" decoding=\"async\" width=\"150\" height=\"150\" src=\"https:\/\/sw-osterfeine.de\/wp-content\/uploads\/2013\/12\/2013-12-13-15.31.13-150x150.jpg\" class=\"attachment-thumbnail size-thumbnail\" alt=\"\" \/><\/a>\n\t\t\t<\/dt><\/dl><dl class='gallery-item'>\n\t\t\t<dt class='gallery-icon landscape'>\n\t\t\t\t<a href='https:\/\/sw-osterfeine.de\/wp-content\/uploads\/2013\/12\/2013-12-13-15.18.06.jpg' title=\"\" data-rl_title=\"\" class=\"rl-gallery-link\" data-rl_caption=\"\" data-rel=\"lightbox-gallery-1\"><img loading=\"lazy\" decoding=\"async\" width=\"150\" height=\"150\" src=\"https:\/\/sw-osterfeine.de\/wp-content\/uploads\/2013\/12\/2013-12-13-15.18.06-150x150.jpg\" class=\"attachment-thumbnail size-thumbnail\" alt=\"\" \/><\/a>\n\t\t\t<\/dt><\/dl><dl class='gallery-item'>\n\t\t\t<dt class='gallery-icon landscape'>\n\t\t\t\t<a href='https:\/\/sw-osterfeine.de\/wp-content\/uploads\/2013\/12\/2013-12-13-15.16.47.jpg' title=\"\" data-rl_title=\"\" class=\"rl-gallery-link\" data-rl_caption=\"\" data-rel=\"lightbox-gallery-1\"><img loading=\"lazy\" decoding=\"async\" width=\"150\" height=\"150\" src=\"https:\/\/sw-osterfeine.de\/wp-content\/uploads\/2013\/12\/2013-12-13-15.16.47-150x150.jpg\" class=\"attachment-thumbnail size-thumbnail\" alt=\"\" \/><\/a>\n\t\t\t<\/dt><\/dl><dl class='gallery-item'>\n\t\t\t<dt class='gallery-icon landscape'>\n\t\t\t\t<a href='https:\/\/sw-osterfeine.de\/wp-content\/uploads\/2013\/12\/2013-12-13-15.07.22.jpg' title=\"\" data-rl_title=\"\" class=\"rl-gallery-link\" data-rl_caption=\"\" data-rel=\"lightbox-gallery-1\"><img loading=\"lazy\" decoding=\"async\" width=\"150\" height=\"150\" src=\"https:\/\/sw-osterfeine.de\/wp-content\/uploads\/2013\/12\/2013-12-13-15.07.22-150x150.jpg\" class=\"attachment-thumbnail size-thumbnail\" alt=\"\" \/><\/a>\n\t\t\t<\/dt><\/dl><dl class='gallery-item'>\n\t\t\t<dt class='gallery-icon landscape'>\n\t\t\t\t<a href='https:\/\/sw-osterfeine.de\/wp-content\/uploads\/2013\/12\/2013-12-13-15.06.21.jpg' title=\"\" data-rl_title=\"\" class=\"rl-gallery-link\" data-rl_caption=\"\" data-rel=\"lightbox-gallery-1\"><img loading=\"lazy\" decoding=\"async\" width=\"150\" height=\"150\" src=\"https:\/\/sw-osterfeine.de\/wp-content\/uploads\/2013\/12\/2013-12-13-15.06.21-150x150.jpg\" class=\"attachment-thumbnail size-thumbnail\" alt=\"\" \/><\/a>\n\t\t\t<\/dt><\/dl><br style=\"clear: both\" \/><dl class='gallery-item'>\n\t\t\t<dt class='gallery-icon landscape'>\n\t\t\t\t<a href='https:\/\/sw-osterfeine.de\/wp-content\/uploads\/2013\/12\/2013-12-13-16.38.35.jpg' title=\"\" data-rl_title=\"\" class=\"rl-gallery-link\" data-rl_caption=\"\" data-rel=\"lightbox-gallery-1\"><img loading=\"lazy\" decoding=\"async\" width=\"150\" height=\"150\" src=\"https:\/\/sw-osterfeine.de\/wp-content\/uploads\/2013\/12\/2013-12-13-16.38.35-150x150.jpg\" class=\"attachment-thumbnail size-thumbnail\" alt=\"\" \/><\/a>\n\t\t\t<\/dt><\/dl>\n\t\t\t<br style='clear: both' \/>\n\t\t<\/div>\n\n<p>&nbsp;<\/p>\n<p>&nbsp;<\/p>\n<p>&nbsp;<\/p>\n","protected":false},"excerpt":{"rendered":"<p>Vor drei Jahren wurde durch unsere Jugendabteilung damit begonnen, mit der Durchf\u00fchrung einer Nikolausfeier f\u00fcr unsere j\u00fcngsten Jugendfu\u00dfballer, eine alte Tradition wieder aufleben zu lassen. \u00a0Hierzu wurden am vergangenen Freitag nun die j\u00fcnsten Kicker unseres Vereins, zusammen mit Eltern, Gro\u00dfeltern und Geschwisterkindern, zur dritten Auflage in die Sporthalle am Kl\u00fcnenberg eingeladen. \u00a0Wie schon in den [&hellip;]<\/p>\n","protected":false},"author":3,"featured_media":0,"comment_status":"closed","ping_status":"closed","sticky":false,"template":"","format":"standard","meta":{"footnotes":""},"categories":[3],"tags":[],"_links":{"self":[{"href":"https:\/\/sw-osterfeine.de\/index.php?rest_route=\/wp\/v2\/posts\/9161"}],"collection":[{"href":"https:\/\/sw-osterfeine.de\/index.php?rest_route=\/wp\/v2\/posts"}],"about":[{"href":"https:\/\/sw-osterfeine.de\/index.php?rest_route=\/wp\/v2\/types\/post"}],"author":[{"embeddable":true,"href":"https:\/\/sw-osterfeine.de\/index.php?rest_route=\/wp\/v2\/users\/3"}],"replies":[{"embeddable":true,"href":"https:\/\/sw-osterfeine.de\/index.php?rest_route=%2Fwp%2Fv2%2Fcomments&post=9161"}],"version-history":[{"count":2,"href":"https:\/\/sw-osterfeine.de\/index.php?rest_route=\/wp\/v2\/posts\/9161\/revisions"}],"predecessor-version":[{"id":9173,"href":"https:\/\/sw-osterfeine.de\/index.php?rest_route=\/wp\/v2\/posts\/9161\/revisions\/9173"}],"wp:attachment":[{"href":"https:\/\/sw-osterfeine.de\/index.php?rest_route=%2Fwp%2Fv2%2Fmedia&parent=9161"}],"wp:term":[{"taxonomy":"category","embeddable":true,"href":"https:\/\/sw-osterfeine.de\/index.php?rest_route=%2Fwp%2Fv2%2Fcategories&post=9161"},{"taxonomy":"post_tag","embeddable":true,"href":"https:\/\/sw-osterfeine.de\/index.php?rest_route=%2Fwp%2Fv2%2Ftags&post=9161"}],"curies":[{"name":"wp","href":"https:\/\/api.w.org\/{rel}","templated":true}]}}