{"id":9215,"date":"2013-12-24T12:08:34","date_gmt":"2013-12-24T11:08:34","guid":{"rendered":"http:\/\/sw-osterfeine.de\/?p=9215"},"modified":"2013-12-24T12:08:34","modified_gmt":"2013-12-24T11:08:34","slug":"ov-supercup-2013-sw-osterfeine-i-ist-beste-vereinsmannschaft-im-rasta-dome-ov-auswahl-holt-turniersieg","status":"publish","type":"post","link":"https:\/\/sw-osterfeine.de\/?p=9215","title":{"rendered":"OV-Supercup 2013: SW Osterfeine I ist beste Vereinsmannschaft im Rasta Dome: -OV-Auswahl holt Turniersieg"},"content":{"rendered":"<p>Wer h\u00e4tte das gedacht? Am Abend vor Heiligabend belegte unsere I-Herrenmannschaft beim erstmals im Rasta Dome in Vechta ausgetragenen OV-Supercup zu Gunsten der OV-Aktion Sportler gegen Hunger sensationell den 2. Platz. V\u00f6llig verdient belegte die OV-Auswahl mit diversen Regionalligaspielern den 1. Platz. Unsere Mannschaft musste sich zweimal im Turnierverlauf gegen die OV-Auswahl geschlagen geben: 4:2 wurde das Gruppenspiel verloren und mit 6:2 das Endspiel. Doch das waren die einzigen Gegner die unsere Mannschaft besiegen konnten. Gegen GW M\u00fchlen gab es ein 2:2 und gegen Rechterfeld einen 3:1 Sieg. Im Halbfinale besiegten unsere Jungs dann absolut verdient den Landesligisten BW Lohne mit 2:0 Toren.<\/p>\n<p>Doch unsere Jungs holten nicht nur den zweitgr\u00f6ssten Pokal f\u00fcr Platz 2 nach Hause, sondern gewannen 3 Einzelpokale f\u00fcr das sch\u00f6nste Turniertor( Jan Schomaker), den Torsch\u00fctzenk\u00f6nig und den besten Turnierspieler (jeweils Maxi St\u00e4rk).<!--more--><\/p>\n<p>\u00dcber 150 Zuschauer aus Osterfeine unterst\u00fctzen unsere Mannschaft 4 Stunden lang bei einer Gesamtzuschauerzahl von \u00fcber 2300. Im Laufe des Turniers fand unsere Mannschaft immer besser ins Spiel und betrieb tolle Werbung f\u00fcr die Mannschaft und den Sportverein SW Osterfeine und den Hallenfussball. Mit ausschlie\u00dflich eigenen Spielern konnte sich unsere Hallenformation als Vertretung f\u00fcr unsere gesamte Bezirksligamannschaft \u00fcberraschend im Konzert der besten Mannschaften aus dem Kreis Vechta behaupten. So gefielen nicht nur die mit einer Einzelauszeichnung erw\u00e4hnten Jan Schomaker und Maxi St\u00e4rk. Ohne Fehler spielten unsere beiden Torh\u00fcter Christian Gravemeyer und Simon Breitenstein.<\/p>\n<p>Ganz stark pr\u00e4sentierte sich Florian Fangmann und bis zur Verletzung Florian Markus. Gef\u00fchrt wurde die junge Mannschaft von den beiden \u00e4lteren Leistungstr\u00e4gern Jan-Bernd St\u00e4rk und Michael Bergmann. So konnten auch Philipp Rusche, Patrich Ihorst, Andre Beiderhake und\u00a0 Steffen Kreymborg entscheidend zum Erfolg beitragen.<\/p>\n<p>Betreut wurde die Mannschaft wie gewohnt von Trainer Alket Zeqo und Co-Trainer Christian Hellebusch. Doch bei aller Freude \u00fcber das Tagesturnier Halle, das Sch\u00f6nste ist die Tatsache, dass es unsere Mannschaft geschafft hat, sich f\u00fcr dieses Turnier zu qualifizieren, denn was z\u00e4hlt ist drau\u00dfen. Und hier geht es weiter am 9.M\u00e4rz in Osterfeine gegen Falke Steinfeld und dann wieder mit der ganzen Mannschaft.<\/p>\n\n\t\t<style type=\"text\/css\">\n\t\t\t#gallery-1 {\n\t\t\t\tmargin: auto;\n\t\t\t}\n\t\t\t#gallery-1 .gallery-item {\n\t\t\t\tfloat: left;\n\t\t\t\tmargin-top: 10px;\n\t\t\t\ttext-align: center;\n\t\t\t\twidth: 25%;\n\t\t\t}\n\t\t\t#gallery-1 img {\n\t\t\t\tborder: 2px solid #cfcfcf;\n\t\t\t}\n\t\t\t#gallery-1 .gallery-caption {\n\t\t\t\tmargin-left: 0;\n\t\t\t}\n\t\t\t\/* see gallery_shortcode() in wp-includes\/media.php *\/\n\t\t<\/style>\n\t\t<div id='gallery-1' class='gallery galleryid-9215 gallery-columns-4 gallery-size-thumbnail'><dl class='gallery-item'>\n\t\t\t<dt class='gallery-icon portrait'>\n\t\t\t\t<a href='https:\/\/sw-osterfeine.de\/wp-content\/uploads\/2013\/12\/IMG-20131224-WA0007.jpg' title=\"\" data-rl_title=\"\" class=\"rl-gallery-link\" data-rl_caption=\"\" data-rel=\"lightbox-gallery-1\"><img loading=\"lazy\" decoding=\"async\" width=\"150\" height=\"150\" src=\"https:\/\/sw-osterfeine.de\/wp-content\/uploads\/2013\/12\/IMG-20131224-WA0007-150x150.jpg\" class=\"attachment-thumbnail size-thumbnail\" alt=\"\" \/><\/a>\n\t\t\t<\/dt><\/dl><dl class='gallery-item'>\n\t\t\t<dt class='gallery-icon portrait'>\n\t\t\t\t<a href='https:\/\/sw-osterfeine.de\/wp-content\/uploads\/2013\/12\/IMG-20131224-WA0006.jpg' title=\"\" data-rl_title=\"\" class=\"rl-gallery-link\" data-rl_caption=\"\" data-rel=\"lightbox-gallery-1\"><img loading=\"lazy\" decoding=\"async\" width=\"150\" height=\"150\" src=\"https:\/\/sw-osterfeine.de\/wp-content\/uploads\/2013\/12\/IMG-20131224-WA0006-150x150.jpg\" class=\"attachment-thumbnail size-thumbnail\" alt=\"\" \/><\/a>\n\t\t\t<\/dt><\/dl><dl class='gallery-item'>\n\t\t\t<dt class='gallery-icon portrait'>\n\t\t\t\t<a href='https:\/\/sw-osterfeine.de\/wp-content\/uploads\/2013\/12\/IMG-20131224-WA0005.jpg' title=\"\" data-rl_title=\"\" class=\"rl-gallery-link\" data-rl_caption=\"\" data-rel=\"lightbox-gallery-1\"><img loading=\"lazy\" decoding=\"async\" width=\"150\" height=\"150\" src=\"https:\/\/sw-osterfeine.de\/wp-content\/uploads\/2013\/12\/IMG-20131224-WA0005-150x150.jpg\" class=\"attachment-thumbnail size-thumbnail\" alt=\"\" \/><\/a>\n\t\t\t<\/dt><\/dl><dl class='gallery-item'>\n\t\t\t<dt class='gallery-icon portrait'>\n\t\t\t\t<a href='https:\/\/sw-osterfeine.de\/wp-content\/uploads\/2013\/12\/IMG-20131224-WA0004.jpg' title=\"\" data-rl_title=\"\" class=\"rl-gallery-link\" data-rl_caption=\"\" data-rel=\"lightbox-gallery-1\"><img loading=\"lazy\" decoding=\"async\" width=\"150\" height=\"150\" src=\"https:\/\/sw-osterfeine.de\/wp-content\/uploads\/2013\/12\/IMG-20131224-WA0004-150x150.jpg\" class=\"attachment-thumbnail size-thumbnail\" alt=\"\" \/><\/a>\n\t\t\t<\/dt><\/dl><br style=\"clear: both\" \/>\n\t\t<\/div>\n\n","protected":false},"excerpt":{"rendered":"<p>Wer h\u00e4tte das gedacht? Am Abend vor Heiligabend belegte unsere I-Herrenmannschaft beim erstmals im Rasta Dome in Vechta ausgetragenen OV-Supercup zu Gunsten der OV-Aktion Sportler gegen Hunger sensationell den 2. Platz. V\u00f6llig verdient belegte die OV-Auswahl mit diversen Regionalligaspielern den 1. Platz. Unsere Mannschaft musste sich zweimal im Turnierverlauf gegen die OV-Auswahl geschlagen geben: 4:2 [&hellip;]<\/p>\n","protected":false},"author":3,"featured_media":0,"comment_status":"closed","ping_status":"closed","sticky":false,"template":"","format":"standard","meta":{"footnotes":""},"categories":[3],"tags":[],"_links":{"self":[{"href":"https:\/\/sw-osterfeine.de\/index.php?rest_route=\/wp\/v2\/posts\/9215"}],"collection":[{"href":"https:\/\/sw-osterfeine.de\/index.php?rest_route=\/wp\/v2\/posts"}],"about":[{"href":"https:\/\/sw-osterfeine.de\/index.php?rest_route=\/wp\/v2\/types\/post"}],"author":[{"embeddable":true,"href":"https:\/\/sw-osterfeine.de\/index.php?rest_route=\/wp\/v2\/users\/3"}],"replies":[{"embeddable":true,"href":"https:\/\/sw-osterfeine.de\/index.php?rest_route=%2Fwp%2Fv2%2Fcomments&post=9215"}],"version-history":[{"count":4,"href":"https:\/\/sw-osterfeine.de\/index.php?rest_route=\/wp\/v2\/posts\/9215\/revisions"}],"predecessor-version":[{"id":9223,"href":"https:\/\/sw-osterfeine.de\/index.php?rest_route=\/wp\/v2\/posts\/9215\/revisions\/9223"}],"wp:attachment":[{"href":"https:\/\/sw-osterfeine.de\/index.php?rest_route=%2Fwp%2Fv2%2Fmedia&parent=9215"}],"wp:term":[{"taxonomy":"category","embeddable":true,"href":"https:\/\/sw-osterfeine.de\/index.php?rest_route=%2Fwp%2Fv2%2Fcategories&post=9215"},{"taxonomy":"post_tag","embeddable":true,"href":"https:\/\/sw-osterfeine.de\/index.php?rest_route=%2Fwp%2Fv2%2Ftags&post=9215"}],"curies":[{"name":"wp","href":"https:\/\/api.w.org\/{rel}","templated":true}]}}