{"id":9237,"date":"2013-12-29T16:06:40","date_gmt":"2013-12-29T15:06:40","guid":{"rendered":"http:\/\/sw-osterfeine.de\/?p=9237"},"modified":"2013-12-29T16:06:40","modified_gmt":"2013-12-29T15:06:40","slug":"u17-fusballer-in-wehdem-erfolgreich","status":"publish","type":"post","link":"https:\/\/sw-osterfeine.de\/?p=9237","title":{"rendered":"U17-Fu\u00dfballer in Wehdem erfolgreich"},"content":{"rendered":"<p>Wehdem &#8211; Den zweiten Platz erreichten unsere 1. B-Junioren beim gut besetzten Hallenfu\u00dfballturnier des TuS Stemwede am 22. Dezember im Wehdem. Im Modus Jeder-gegen-Jeden traten am Sonntag sechs Mannschaften aus der Kreisliga A gegeneinander an.<\/p>\n<p>Im ersten Spiel gegen den TuS Petershagen lagen unsere Jungs fr\u00fch mit 1:3 hinten, konnten dann aber das Spiel noch drehen und gewannen am Ende mit 6:4 &#8211; das war auch mit Abstand die torreichste Begegnung im gesamten Turnier. Gegen den sp\u00e4teren Turniersieger B\u00fcnder SV setzte es dann eine 1:3 Niederlage &#8211; mit der k\u00f6rperbetonten Spielweise der Westfalen kamen wir nicht zurecht. In diesem Spiel verletzte sich Max Kampsen leicht am Fu\u00df, so da\u00df er im weiteren Verlauf des Turnieres nicht weiterspielen konnte. Ein gutes Spiel machten wir gegen den TuSpo Rahden, diesen bezwangen wir mit 3:1. Weniger gut weil sehr hektisch verlief das Spiel gegen den SV Schnathorst, hier trennten sich beide Mannschaften am Ende leistungsgerecht 2:2. Mit der Chance auf den zweiten Tabellenplatz zeigte unsere Truppe im letzten Spiel gegen den TuS Stemwede ihr K\u00f6nnen und besiegten den Gastgeber auch in der H\u00f6he verdient mit 5:1.<\/p>\n<p>Mit von der Partie waren Freddy Lampe, Max Kampsen, Henrik Berens, Lukas Decker, Johannes Decker, Lukas Selke, Frederik Ihorst, Tobias Fangmann, Christian Meyer und Hendrik Kampsen. Alle Spieler hatten viel Spielpraxis, das war uns vom Trainerteam im Hinblick auf die bevorstehenden drei Turniere in Osterfeine besonders wichtig. Unterst\u00fctzt wurden wir von den Fahrern Manni Kampsen, Albert Selke, Bianca Ihorst, Ulrich Decker und Wolfgang Hoffmann und als Zuschauer von Familie Lampe. Ein besonderer Dank gilt Bianca Ihorst, die die Fu\u00dfverletzung von Max Kampsen professionell verband.<\/p>\n<p style=\"text-align: right;\"><em>Heinrich Kruthaup<\/em><\/p>\n","protected":false},"excerpt":{"rendered":"<p>Wehdem &#8211; Den zweiten Platz erreichten unsere 1. B-Junioren beim gut besetzten Hallenfu\u00dfballturnier des TuS Stemwede am 22. Dezember im Wehdem. Im Modus Jeder-gegen-Jeden traten am Sonntag sechs Mannschaften aus der Kreisliga A gegeneinander an. Im ersten Spiel gegen den TuS Petershagen lagen unsere Jungs fr\u00fch mit 1:3 hinten, konnten dann aber das Spiel noch [&hellip;]<\/p>\n","protected":false},"author":3,"featured_media":0,"comment_status":"closed","ping_status":"closed","sticky":false,"template":"","format":"standard","meta":{"footnotes":""},"categories":[3],"tags":[46,11,43,44,45],"_links":{"self":[{"href":"https:\/\/sw-osterfeine.de\/index.php?rest_route=\/wp\/v2\/posts\/9237"}],"collection":[{"href":"https:\/\/sw-osterfeine.de\/index.php?rest_route=\/wp\/v2\/posts"}],"about":[{"href":"https:\/\/sw-osterfeine.de\/index.php?rest_route=\/wp\/v2\/types\/post"}],"author":[{"embeddable":true,"href":"https:\/\/sw-osterfeine.de\/index.php?rest_route=\/wp\/v2\/users\/3"}],"replies":[{"embeddable":true,"href":"https:\/\/sw-osterfeine.de\/index.php?rest_route=%2Fwp%2Fv2%2Fcomments&post=9237"}],"version-history":[{"count":2,"href":"https:\/\/sw-osterfeine.de\/index.php?rest_route=\/wp\/v2\/posts\/9237\/revisions"}],"predecessor-version":[{"id":9239,"href":"https:\/\/sw-osterfeine.de\/index.php?rest_route=\/wp\/v2\/posts\/9237\/revisions\/9239"}],"wp:attachment":[{"href":"https:\/\/sw-osterfeine.de\/index.php?rest_route=%2Fwp%2Fv2%2Fmedia&parent=9237"}],"wp:term":[{"taxonomy":"category","embeddable":true,"href":"https:\/\/sw-osterfeine.de\/index.php?rest_route=%2Fwp%2Fv2%2Fcategories&post=9237"},{"taxonomy":"post_tag","embeddable":true,"href":"https:\/\/sw-osterfeine.de\/index.php?rest_route=%2Fwp%2Fv2%2Ftags&post=9237"}],"curies":[{"name":"wp","href":"https:\/\/api.w.org\/{rel}","templated":true}]}}