{"id":9275,"date":"2014-01-08T09:07:00","date_gmt":"2014-01-08T08:07:00","guid":{"rendered":"http:\/\/sw-osterfeine.de\/?p=9275"},"modified":"2014-01-08T09:07:00","modified_gmt":"2014-01-08T08:07:00","slug":"hallenkreismeisterschaft-der-c-jugend-sw-osterfeine-fur-endrunde-qualifiziert","status":"publish","type":"post","link":"https:\/\/sw-osterfeine.de\/?p=9275","title":{"rendered":"Hallenkreismeisterschaft der C-Jugend &#8211; SW Osterfeine f\u00fcr Endrunde qualifiziert"},"content":{"rendered":"<p><strong>Endrunde in Osterfeine am Samstag, den 11.01.2014 ab 9.00 Uhr.<\/strong><\/p>\n<p>Am vergangenen Wochenende konnte sich unsere C-Jugend f\u00fcr die Endrunde der 6 besten Mannschaften aus dem Kreis Vechta qualifizieren. Unsere Fu\u00dfballer von Trainer Bernd Escher und den Co-Trainern Bobby Hellebusch und Alexander Bergmann spielen nun am Samstag, den 11.1.2014 ab 9.00 Uhr um den Kreismeistertitel. Trainer und Mannschaft schon jetzt Gl\u00fcckwunsch f\u00fcr das Erreichen der Endrunde und Viel Spa\u00df und Erfolg beim gro\u00dfen Finale.<\/p>\n<p>Alle Beteiligten w\u00fcrden sich \u00fcber zahlreiche OSV-Zuschauer freuen, wenn es f\u00fcr unsere C-Jugend um den Kreismeistertitel geht, und das in eigener Halle.<\/p>\n","protected":false},"excerpt":{"rendered":"<p>Endrunde in Osterfeine am Samstag, den 11.01.2014 ab 9.00 Uhr. Am vergangenen Wochenende konnte sich unsere C-Jugend f\u00fcr die Endrunde der 6 besten Mannschaften aus dem Kreis Vechta qualifizieren. Unsere Fu\u00dfballer von Trainer Bernd Escher und den Co-Trainern Bobby Hellebusch und Alexander Bergmann spielen nun am Samstag, den 11.1.2014 ab 9.00 Uhr um den Kreismeistertitel. [&hellip;]<\/p>\n","protected":false},"author":3,"featured_media":0,"comment_status":"closed","ping_status":"closed","sticky":false,"template":"","format":"standard","meta":{"footnotes":""},"categories":[3],"tags":[],"_links":{"self":[{"href":"https:\/\/sw-osterfeine.de\/index.php?rest_route=\/wp\/v2\/posts\/9275"}],"collection":[{"href":"https:\/\/sw-osterfeine.de\/index.php?rest_route=\/wp\/v2\/posts"}],"about":[{"href":"https:\/\/sw-osterfeine.de\/index.php?rest_route=\/wp\/v2\/types\/post"}],"author":[{"embeddable":true,"href":"https:\/\/sw-osterfeine.de\/index.php?rest_route=\/wp\/v2\/users\/3"}],"replies":[{"embeddable":true,"href":"https:\/\/sw-osterfeine.de\/index.php?rest_route=%2Fwp%2Fv2%2Fcomments&post=9275"}],"version-history":[{"count":4,"href":"https:\/\/sw-osterfeine.de\/index.php?rest_route=\/wp\/v2\/posts\/9275\/revisions"}],"predecessor-version":[{"id":9279,"href":"https:\/\/sw-osterfeine.de\/index.php?rest_route=\/wp\/v2\/posts\/9275\/revisions\/9279"}],"wp:attachment":[{"href":"https:\/\/sw-osterfeine.de\/index.php?rest_route=%2Fwp%2Fv2%2Fmedia&parent=9275"}],"wp:term":[{"taxonomy":"category","embeddable":true,"href":"https:\/\/sw-osterfeine.de\/index.php?rest_route=%2Fwp%2Fv2%2Fcategories&post=9275"},{"taxonomy":"post_tag","embeddable":true,"href":"https:\/\/sw-osterfeine.de\/index.php?rest_route=%2Fwp%2Fv2%2Ftags&post=9275"}],"curies":[{"name":"wp","href":"https:\/\/api.w.org\/{rel}","templated":true}]}}