{"id":9281,"date":"2014-01-10T09:01:48","date_gmt":"2014-01-10T08:01:48","guid":{"rendered":"http:\/\/sw-osterfeine.de\/?p=9281"},"modified":"2014-01-10T09:01:48","modified_gmt":"2014-01-10T08:01:48","slug":"1-damen-gegen-tv-dinklage-ii","status":"publish","type":"post","link":"https:\/\/sw-osterfeine.de\/?p=9281","title":{"rendered":"1. Damen gegen TV Dinklage II"},"content":{"rendered":"<p style=\"text-align: center;\"><strong>WESER \u2013 EMS \u2013 LIGA S\u00dcD<\/strong><\/p>\n<p style=\"text-align: center;\"><strong>Sonntag, 12.01.2014 um 17:00 Uhr<\/strong><\/p>\n<p style=\"text-align: center;\"><strong>TV Dinklage II<\/strong><\/p>\n<p style=\"text-align: center;\"><strong>Sporthalle Osterfeine<\/strong><\/p>\n<p style=\"text-align: center;\">\u00a0<\/p>\n<p style=\"text-align: center;\">Wir w\u00fcrden uns sehr \u00fcber zahlreiche Zuschauer freuen, die unsere 1. Damen unterst\u00fctzen.<\/p>\n","protected":false},"excerpt":{"rendered":"<p>WESER \u2013 EMS \u2013 LIGA S\u00dcD Sonntag, 12.01.2014 um 17:00 Uhr TV Dinklage II Sporthalle Osterfeine \u00a0 Wir w\u00fcrden uns sehr \u00fcber zahlreiche Zuschauer freuen, die unsere 1. Damen unterst\u00fctzen.<\/p>\n","protected":false},"author":3,"featured_media":0,"comment_status":"closed","ping_status":"closed","sticky":false,"template":"","format":"standard","meta":{"footnotes":""},"categories":[1],"tags":[],"_links":{"self":[{"href":"https:\/\/sw-osterfeine.de\/index.php?rest_route=\/wp\/v2\/posts\/9281"}],"collection":[{"href":"https:\/\/sw-osterfeine.de\/index.php?rest_route=\/wp\/v2\/posts"}],"about":[{"href":"https:\/\/sw-osterfeine.de\/index.php?rest_route=\/wp\/v2\/types\/post"}],"author":[{"embeddable":true,"href":"https:\/\/sw-osterfeine.de\/index.php?rest_route=\/wp\/v2\/users\/3"}],"replies":[{"embeddable":true,"href":"https:\/\/sw-osterfeine.de\/index.php?rest_route=%2Fwp%2Fv2%2Fcomments&post=9281"}],"version-history":[{"count":1,"href":"https:\/\/sw-osterfeine.de\/index.php?rest_route=\/wp\/v2\/posts\/9281\/revisions"}],"predecessor-version":[{"id":9282,"href":"https:\/\/sw-osterfeine.de\/index.php?rest_route=\/wp\/v2\/posts\/9281\/revisions\/9282"}],"wp:attachment":[{"href":"https:\/\/sw-osterfeine.de\/index.php?rest_route=%2Fwp%2Fv2%2Fmedia&parent=9281"}],"wp:term":[{"taxonomy":"category","embeddable":true,"href":"https:\/\/sw-osterfeine.de\/index.php?rest_route=%2Fwp%2Fv2%2Fcategories&post=9281"},{"taxonomy":"post_tag","embeddable":true,"href":"https:\/\/sw-osterfeine.de\/index.php?rest_route=%2Fwp%2Fv2%2Ftags&post=9281"}],"curies":[{"name":"wp","href":"https:\/\/api.w.org\/{rel}","templated":true}]}}