{"id":9308,"date":"2014-01-15T09:12:56","date_gmt":"2014-01-15T08:12:56","guid":{"rendered":"http:\/\/sw-osterfeine.de\/?p=9308"},"modified":"2014-01-15T09:13:32","modified_gmt":"2014-01-15T08:13:32","slug":"sgh-lauf-in-langforden","status":"publish","type":"post","link":"https:\/\/sw-osterfeine.de\/?p=9308","title":{"rendered":"SgH-Lauf in Langf\u00f6rden"},"content":{"rendered":"<p>Der erste Lauf des Jahres stand f\u00fcr unseren Lauftreff an. Dieser f\u00fchrte uns am letzten Samstag nach Langf\u00f6rden zum Bomhof. Dieser sollte ein paar aktiven L\u00e4ufern noch aus ihrer aktiven Fu\u00dfballerzeit bekannt sein. Da viele L\u00e4ufer sich noch ausruhen mussten vom \u00fcberragenden Silvesterlauf in M\u00fchlen, brachen wir mit sechs L\u00e4ufern nach Langf\u00f6rden auf. Leider spielte das Wetter nicht so richtig mit. Aber dieses hielt uns nicht ab in Langf\u00f6rden zu starten und unser bestes zu geben. Trotz der widrigen Bedingungen fehlte es den Teilnehmern in Langf\u00f6rden an nix. Die Anmeldung klappte reibungslos, die Strecke war super ausgeschildert, die Duschen waren warm und das anschlie\u00dfende Kaffee und Kuchen Buffet war sehr gut. Hier noch Mal ein sehr gro\u00dfer Dank an die Organisatoren dieses Laufs.<\/p>\n<p>Von den sechs mitgereisten L\u00e4ufern gingen leider nur f\u00fcnf an den Start, da sich Tine Nienhaber eine leichte Verletzung in M\u00fchlen zugezogen hatte. Nix desto trotz hat Tine uns super unterst\u00fctzt bei diesem Wetter.<\/p>\n<p>Von den f\u00fcnf Startern gingen vier auf die 11km Distanz und einer auf die 6km. Aufgrund des leicht st\u00fcrmischen Windes und des Regens war die Strecke sehr hart f\u00fcr die Beteiligten und die gew\u00fcnschten Zeiten konnten daher nicht ganz von uns eingehalten werden. Aber dieses hielt keinen ab sein bestes zu geben.<\/p>\n<p>\u00a0Hier die erzielten Ergebnisse:<!--more--><\/p>\n<p><strong>6km M\u00e4nner<\/strong><\/p>\n<p>\u00a0\u00a0\u00a0\u00a0\u00a0\u00a0\u00a0\u00a0\u00a0\u00a0\u00a0\u00a0\u00a0\u00a0\u00a0\u00a0\u00a0\u00a0\u00a0\u00a0\u00a0\u00a0\u00a0\u00a0\u00a0\u00a0\u00a0\u00a0\u00a0\u00a0\u00a0\u00a0\u00a0\u00a0\u00a0\u00a0\u00a0\u00a0\u00a0\u00a0\u00a0\u00a0\u00a0 Zeit\u00a0\u00a0\u00a0\u00a0\u00a0\u00a0\u00a0\u00a0\u00a0\u00a0\u00a0\u00a0\u00a0\u00a0\u00a0\u00a0\u00a0\u00a0\u00a0\u00a0\u00a0\u00a0\u00a0\u00a0\u00a0\u00a0\u00a0\u00a0\u00a0 Platzierung<\/p>\n<p>\u00a0Jan Pohlschneider\u00a0\u00a0\u00a0\u00a0\u00a0\u00a0\u00a0\u00a0 26:37 min\u00a0\u00a0\u00a0\u00a0\u00a0\u00a0\u00a0\u00a0\u00a0\u00a0\u00a0\u00a0\u00a0\u00a0\u00a0\u00a0\u00a0\u00a0\u00a0 \u00a0 \u00a0\u00a0\u00a0 21<\/p>\n<p>\u00a0Insgesamt 52 M\u00e4nner am Start<\/p>\n<p>&nbsp;<\/p>\n<p><strong>11km M\u00e4nner:\u00a0\u00a0\u00a0\u00a0\u00a0\u00a0 <\/strong><\/p>\n<p>\u00a0\u00a0\u00a0\u00a0\u00a0\u00a0\u00a0\u00a0\u00a0\u00a0\u00a0\u00a0\u00a0\u00a0\u00a0\u00a0\u00a0\u00a0\u00a0\u00a0\u00a0\u00a0\u00a0\u00a0\u00a0\u00a0\u00a0\u00a0\u00a0\u00a0\u00a0\u00a0\u00a0\u00a0\u00a0\u00a0\u00a0\u00a0\u00a0\u00a0\u00a0\u00a0\u00a0\u00a0 Zeit\u00a0\u00a0\u00a0\u00a0\u00a0\u00a0\u00a0\u00a0\u00a0\u00a0\u00a0\u00a0\u00a0\u00a0\u00a0\u00a0\u00a0\u00a0\u00a0\u00a0\u00a0\u00a0\u00a0 Platzierung<\/p>\n<p>Franz Steinkamp\u00a0\u00a0\u00a0\u00a0\u00a0\u00a0\u00a0\u00a0\u00a0\u00a0\u00a0\u00a0 49:44 min\u00a0\u00a0\u00a0\u00a0\u00a0\u00a0\u00a0\u00a0\u00a0\u00a0\u00a0\u00a0\u00a0\u00a0\u00a0\u00a0\u00a0\u00a0\u00a0 \u00a0 \u00a0 12<\/p>\n<p>Roland Kratz\u00a0\u00a0\u00a0\u00a0\u00a0\u00a0\u00a0\u00a0\u00a0\u00a0\u00a0\u00a0\u00a0\u00a0\u00a0\u00a0\u00a0\u00a0 59:23 min\u00a0\u00a0\u00a0\u00a0\u00a0\u00a0\u00a0\u00a0\u00a0\u00a0\u00a0\u00a0\u00a0\u00a0\u00a0\u00a0\u00a0\u00a0\u00a0 \u00a0 \u00a0\u00a0 41<\/p>\n<p>Marco Otte\u00a0\u00a0\u00a0\u00a0\u00a0\u00a0\u00a0\u00a0\u00a0\u00a0\u00a0\u00a0\u00a0\u00a0\u00a0\u00a0\u00a0\u00a0\u00a0\u00a0 59:55 min\u00a0\u00a0\u00a0\u00a0\u00a0\u00a0\u00a0\u00a0\u00a0\u00a0\u00a0\u00a0\u00a0\u00a0\u00a0\u00a0\u00a0\u00a0\u00a0\u00a0\u00a0 \u00a0 \u00a0 44<\/p>\n<p>Frank Nordmann\u00a0\u00a0\u00a0\u00a0\u00a0\u00a0\u00a0\u00a0\u00a0\u00a0\u00a0\u00a0 60:07 min\u00a0\u00a0\u00a0\u00a0\u00a0\u00a0\u00a0\u00a0\u00a0\u00a0\u00a0\u00a0\u00a0\u00a0\u00a0\u00a0 \u00a0 \u00a0\u00a0\u00a0\u00a0\u00a0 47<\/p>\n<p>Insgesamt 69 M\u00e4nner am Start<\/p>\n<p>&nbsp;<\/p>\n<p>Insgesamt waren in Langf\u00f6rden 243 L\u00e4ufer am Start, was zwar zwei weniger als 2013 waren, aber wenn man die Bedingungen vergleicht zum letzen Jahr (Sonnenschein im Vergleich zu Regen) muss man eigentlich sagen es war eine Steigerung, denn wer bei widrigen Bedingungen seine Starterzahl unver\u00e4ndert halten kann, der kann f\u00fcr die Zukunft weiter aufbauen. Uns hat es sehr gefallen und wir freuen uns aufs Wiedersehen im n\u00e4chsten Jahr.<\/p>\n<p>&nbsp;<\/p>\n\n\t\t<style type=\"text\/css\">\n\t\t\t#gallery-1 {\n\t\t\t\tmargin: auto;\n\t\t\t}\n\t\t\t#gallery-1 .gallery-item {\n\t\t\t\tfloat: left;\n\t\t\t\tmargin-top: 10px;\n\t\t\t\ttext-align: center;\n\t\t\t\twidth: 20%;\n\t\t\t}\n\t\t\t#gallery-1 img {\n\t\t\t\tborder: 2px solid #cfcfcf;\n\t\t\t}\n\t\t\t#gallery-1 .gallery-caption {\n\t\t\t\tmargin-left: 0;\n\t\t\t}\n\t\t\t\/* see gallery_shortcode() in wp-includes\/media.php *\/\n\t\t<\/style>\n\t\t<div id='gallery-1' class='gallery galleryid-9308 gallery-columns-5 gallery-size-thumbnail'><dl class='gallery-item'>\n\t\t\t<dt class='gallery-icon landscape'>\n\t\t\t\t<a href='https:\/\/sw-osterfeine.de\/wp-content\/uploads\/2014\/01\/langf\u00f6rden7.jpg' title=\"\" data-rl_title=\"\" class=\"rl-gallery-link\" data-rl_caption=\"\" data-rel=\"lightbox-gallery-1\"><img loading=\"lazy\" decoding=\"async\" width=\"150\" height=\"150\" src=\"https:\/\/sw-osterfeine.de\/wp-content\/uploads\/2014\/01\/langf\u00f6rden7-150x150.jpg\" class=\"attachment-thumbnail size-thumbnail\" alt=\"\" \/><\/a>\n\t\t\t<\/dt><\/dl><dl class='gallery-item'>\n\t\t\t<dt class='gallery-icon landscape'>\n\t\t\t\t<a href='https:\/\/sw-osterfeine.de\/wp-content\/uploads\/2014\/01\/Langf\u00f6rden4.jpg' title=\"\" data-rl_title=\"\" class=\"rl-gallery-link\" data-rl_caption=\"\" data-rel=\"lightbox-gallery-1\"><img loading=\"lazy\" decoding=\"async\" width=\"150\" height=\"99\" src=\"https:\/\/sw-osterfeine.de\/wp-content\/uploads\/2014\/01\/Langf\u00f6rden4.jpg\" class=\"attachment-thumbnail size-thumbnail\" alt=\"\" \/><\/a>\n\t\t\t<\/dt><\/dl><dl class='gallery-item'>\n\t\t\t<dt class='gallery-icon landscape'>\n\t\t\t\t<a href='https:\/\/sw-osterfeine.de\/wp-content\/uploads\/2014\/01\/Langf\u00f6rden3.jpg' title=\"\" data-rl_title=\"\" class=\"rl-gallery-link\" data-rl_caption=\"\" data-rel=\"lightbox-gallery-1\"><img loading=\"lazy\" decoding=\"async\" width=\"150\" height=\"99\" src=\"https:\/\/sw-osterfeine.de\/wp-content\/uploads\/2014\/01\/Langf\u00f6rden3.jpg\" class=\"attachment-thumbnail size-thumbnail\" alt=\"\" \/><\/a>\n\t\t\t<\/dt><\/dl><dl class='gallery-item'>\n\t\t\t<dt class='gallery-icon landscape'>\n\t\t\t\t<a href='https:\/\/sw-osterfeine.de\/wp-content\/uploads\/2014\/01\/Langf\u00f6rden2.jpg' title=\"\" data-rl_title=\"\" class=\"rl-gallery-link\" data-rl_caption=\"\" data-rel=\"lightbox-gallery-1\"><img loading=\"lazy\" decoding=\"async\" width=\"150\" height=\"99\" src=\"https:\/\/sw-osterfeine.de\/wp-content\/uploads\/2014\/01\/Langf\u00f6rden2.jpg\" class=\"attachment-thumbnail size-thumbnail\" alt=\"\" \/><\/a>\n\t\t\t<\/dt><\/dl><dl class='gallery-item'>\n\t\t\t<dt class='gallery-icon landscape'>\n\t\t\t\t<a href='https:\/\/sw-osterfeine.de\/wp-content\/uploads\/2014\/01\/Langf\u00f6rden.jpg' title=\"\" data-rl_title=\"\" class=\"rl-gallery-link\" data-rl_caption=\"\" data-rel=\"lightbox-gallery-1\"><img loading=\"lazy\" decoding=\"async\" width=\"150\" height=\"99\" src=\"https:\/\/sw-osterfeine.de\/wp-content\/uploads\/2014\/01\/Langf\u00f6rden.jpg\" class=\"attachment-thumbnail size-thumbnail\" alt=\"\" \/><\/a>\n\t\t\t<\/dt><\/dl><br style=\"clear: both\" \/>\n\t\t<\/div>\n\n<p>Der n\u00e4chste Lauf wird uns dann am 16.Februar nach Bakum f\u00fchren. Hier werden zwei Strecken angeboten. Zum einen die 10km Strecke und f\u00fcr die ganz fitten auch 20km. Start ist in Bakum um 11 Uhr. Anschlie\u00dfend freut sich der Lauftreff auf die OSV-Sportschau in der Sporthalle Osterfeine zum 40j\u00e4hrigen bestehen und wird auchhier auch noch ein Mal alles geben.<\/p>\n<p>Also in diesem Sinne freuen wir uns Euch bald bei uns im Lauftreff zu begr\u00fc\u00dfen oder auf Eure tatkr\u00e4ftige Unterst\u00fctzung am Streckenrand!<\/p>\n","protected":false},"excerpt":{"rendered":"<p>Der erste Lauf des Jahres stand f\u00fcr unseren Lauftreff an. Dieser f\u00fchrte uns am letzten Samstag nach Langf\u00f6rden zum Bomhof. Dieser sollte ein paar aktiven L\u00e4ufern noch aus ihrer aktiven Fu\u00dfballerzeit bekannt sein. Da viele L\u00e4ufer sich noch ausruhen mussten vom \u00fcberragenden Silvesterlauf in M\u00fchlen, brachen wir mit sechs L\u00e4ufern nach Langf\u00f6rden auf. Leider spielte [&hellip;]<\/p>\n","protected":false},"author":3,"featured_media":0,"comment_status":"closed","ping_status":"closed","sticky":false,"template":"","format":"standard","meta":{"footnotes":""},"categories":[38],"tags":[],"_links":{"self":[{"href":"https:\/\/sw-osterfeine.de\/index.php?rest_route=\/wp\/v2\/posts\/9308"}],"collection":[{"href":"https:\/\/sw-osterfeine.de\/index.php?rest_route=\/wp\/v2\/posts"}],"about":[{"href":"https:\/\/sw-osterfeine.de\/index.php?rest_route=\/wp\/v2\/types\/post"}],"author":[{"embeddable":true,"href":"https:\/\/sw-osterfeine.de\/index.php?rest_route=\/wp\/v2\/users\/3"}],"replies":[{"embeddable":true,"href":"https:\/\/sw-osterfeine.de\/index.php?rest_route=%2Fwp%2Fv2%2Fcomments&post=9308"}],"version-history":[{"count":6,"href":"https:\/\/sw-osterfeine.de\/index.php?rest_route=\/wp\/v2\/posts\/9308\/revisions"}],"predecessor-version":[{"id":9319,"href":"https:\/\/sw-osterfeine.de\/index.php?rest_route=\/wp\/v2\/posts\/9308\/revisions\/9319"}],"wp:attachment":[{"href":"https:\/\/sw-osterfeine.de\/index.php?rest_route=%2Fwp%2Fv2%2Fmedia&parent=9308"}],"wp:term":[{"taxonomy":"category","embeddable":true,"href":"https:\/\/sw-osterfeine.de\/index.php?rest_route=%2Fwp%2Fv2%2Fcategories&post=9308"},{"taxonomy":"post_tag","embeddable":true,"href":"https:\/\/sw-osterfeine.de\/index.php?rest_route=%2Fwp%2Fv2%2Ftags&post=9308"}],"curies":[{"name":"wp","href":"https:\/\/api.w.org\/{rel}","templated":true}]}}