{"id":9397,"date":"2014-01-27T09:09:44","date_gmt":"2014-01-27T08:09:44","guid":{"rendered":"http:\/\/sw-osterfeine.de\/?p=9397"},"modified":"2014-01-27T09:09:44","modified_gmt":"2014-01-27T08:09:44","slug":"neues-aus-dem-osv-alltag","status":"publish","type":"post","link":"https:\/\/sw-osterfeine.de\/?p=9397","title":{"rendered":"Neues aus dem OSV-Alltag!!"},"content":{"rendered":"<p>Die ersten Trainingseinheiten und auch das erste Punktspiel absolvierte unser neuer Trainer der A-Jugendhandballmannschaft Dirk Bohmann mit den Landesligam\u00e4dchen. Der OSV bedankt sich recht herzlich bei Kerstin L\u00fcbbehusen f\u00fcr ihre bisherige Trainingsarbeit mit der A-Jugend und freut sich auf die Zeit mit Dirk Bohmann, bei dem wir uns herzlich f\u00fcr die \u00dcbernahme des Traineramtes beim OSV bedanken m\u00f6chten.<\/p>\n<p>Eine harte Woche hat unsere C-Jugend Landesligamannschaft von Trainerin Carla Adelmeyer zu absolvieren. 3 Spiele in 1 Woche waren zu spielen und alle Begegnungen fanden ausw\u00e4rts statt. Nordhorn, Sch\u00fcttorf und Elsfleth hie\u00dfen die Ziele unserer Handballtalente.<\/p>\n<p>P\u00fcnktlich zum R\u00fcckrundentrainingsauftakt unserer I-Herrenmannschaft pr\u00e4sentierte\u00a0 sich der Sportplatz ganz in wei\u00df.<\/p>\n<p>Im Schnee fand also das erste Trainingsspiel jung gegen alt statt, wobei sich die j\u00fcngeren Mannschaftsmitspieler knapp mit 13:11 geschlagen geben mussten. Bis auf den verletzten Lukas Lohmann fehlten nur die verhinderten Maxi St\u00e4rk und Florian Markus zum Trainingsauftakt.<\/p>\n<p>Aufgetaucht ist mittlerweile auch der Pokal f\u00fcr den zweiten Platz beim OV-Supercup am Tag vor Heiligabend. Kapit\u00e4n Michi Bergmann hatte die Verantwortung f\u00fcr den Pokal noch rechtzeitig vor der Brennbar an Jan-Bernd St\u00e4rk \u00fcbertragen. Hier wurde nun der Pokal zwischendurch als Trinkbecher von Jan-Bernd`s Sohn Hugo genutzt.<\/p>\n<p>Spa\u00df am Hallenfu\u00dfball zeigen unsere Jungs von Trainer Hubert Pieper aus der A- und B-Jugend. Neben der Teilnahme an diversen Hallenturnieren spielen sie in jeder freien Minute die der Hallenplan unserer Sporthalle hergibt. Dies kann auch ruhig bis 23.00 Uhr gehen oder an freien Zeiten am Samstag- oder Sonntagabend.\u00a0<\/p>\n","protected":false},"excerpt":{"rendered":"<p>Die ersten Trainingseinheiten und auch das erste Punktspiel absolvierte unser neuer Trainer der A-Jugendhandballmannschaft Dirk Bohmann mit den Landesligam\u00e4dchen. Der OSV bedankt sich recht herzlich bei Kerstin L\u00fcbbehusen f\u00fcr ihre bisherige Trainingsarbeit mit der A-Jugend und freut sich auf die Zeit mit Dirk Bohmann, bei dem wir uns herzlich f\u00fcr die \u00dcbernahme des Traineramtes beim [&hellip;]<\/p>\n","protected":false},"author":3,"featured_media":0,"comment_status":"closed","ping_status":"closed","sticky":false,"template":"","format":"standard","meta":{"footnotes":""},"categories":[3,1],"tags":[],"_links":{"self":[{"href":"https:\/\/sw-osterfeine.de\/index.php?rest_route=\/wp\/v2\/posts\/9397"}],"collection":[{"href":"https:\/\/sw-osterfeine.de\/index.php?rest_route=\/wp\/v2\/posts"}],"about":[{"href":"https:\/\/sw-osterfeine.de\/index.php?rest_route=\/wp\/v2\/types\/post"}],"author":[{"embeddable":true,"href":"https:\/\/sw-osterfeine.de\/index.php?rest_route=\/wp\/v2\/users\/3"}],"replies":[{"embeddable":true,"href":"https:\/\/sw-osterfeine.de\/index.php?rest_route=%2Fwp%2Fv2%2Fcomments&post=9397"}],"version-history":[{"count":4,"href":"https:\/\/sw-osterfeine.de\/index.php?rest_route=\/wp\/v2\/posts\/9397\/revisions"}],"predecessor-version":[{"id":9401,"href":"https:\/\/sw-osterfeine.de\/index.php?rest_route=\/wp\/v2\/posts\/9397\/revisions\/9401"}],"wp:attachment":[{"href":"https:\/\/sw-osterfeine.de\/index.php?rest_route=%2Fwp%2Fv2%2Fmedia&parent=9397"}],"wp:term":[{"taxonomy":"category","embeddable":true,"href":"https:\/\/sw-osterfeine.de\/index.php?rest_route=%2Fwp%2Fv2%2Fcategories&post=9397"},{"taxonomy":"post_tag","embeddable":true,"href":"https:\/\/sw-osterfeine.de\/index.php?rest_route=%2Fwp%2Fv2%2Ftags&post=9397"}],"curies":[{"name":"wp","href":"https:\/\/api.w.org\/{rel}","templated":true}]}}