{"id":9402,"date":"2014-01-27T15:07:48","date_gmt":"2014-01-27T14:07:48","guid":{"rendered":"http:\/\/sw-osterfeine.de\/?p=9402"},"modified":"2014-01-27T15:07:48","modified_gmt":"2014-01-27T14:07:48","slug":"landesliga-c-jugend-2","status":"publish","type":"post","link":"https:\/\/sw-osterfeine.de\/?p=9402","title":{"rendered":"Landesliga &#8211; C-Jugend"},"content":{"rendered":"<p>Es war eine harte Woche f\u00fcr meine M\u00e4dels; drei Punktspiele in sieben Tagen,<br \/>\ndavon zwei Ausw\u00e4rtsspiele am Wochenende, einmal gegen den Tabellenersten<br \/>\nSch\u00fcttorf und den Tabellenletzten Elsfleth.<\/p>\n<p>Gegen Sch\u00fcttorf hatte meine Mannschaft, so wie Ersatzcoach Alexandra\u00a0Cardinal schilderte, bis zum 8:7 am Gl\u00fccksstein reiben d\u00fcrfen. Dann kam eine\u00a0Hinausstellung f\u00fcr den SWO und der Wurm war drin. Aber der Sch\u00fcttorfer\u00a0Trainer war bis dahin sehr nerv\u00f6s geworden und wurde des \u00d6fteren wohl\u00a0m\u00e4chtig laut. Trotz dieses hohen Ergebnisses war es ein k\u00e4mpferisch starkes\u00a0Spiel meiner Mannschaft und auch Co-Trainer Franz L\u00fcbbehusen war voll des\u00a0Lobes: Alle Sieben-Meter versengt. Das allzu hohe Ergebnis 32: 14 t\u00e4uscht\u00a0\u00fcber die gute Moral der Mannschaft hinweg, schlie\u00dflich war es der\u00a0Tabellenerste und ein vorwiegend \u00e4lterer Jahrgang. Beste Werferinnen Sandra\u00a0L\u00fcbbehusen und Jasmin Lorenz mit je 4 Toren<\/p>\n<p>Am Sonntag ging es dann bei Eis und Schnee in den hohen Norden nach\u00a0Elsfleth. Leider \u00fcbertrug sich die beschwerliche Anfahrt, zwei Autos mussten\u00a0vom ADAC versorgt werden, auf meine M\u00e4dels. Sie kamen nicht richtig ins\u00a0Spiel und so stand es zur Halbzeit 10:10 und in der Pause mussten die\u00a0richtigen Worte fallen. Aber erst nach dem 13:13 gelang es dank einer\u00a0hervorragenden Leistung von Frauke L\u00fccke im Tor, die \u00fcbrigens auf dem Feld\u00a0auch 3 Tore machte, dem Gegner davon zu ziehen. Eine sehr gute Leistung in\u00a0der Abwehr brachten auch Jasmin Lorenz (4 Tore) und Sandra L\u00fcbbehusen, die\u00a0von 6 Toren vier Siebenmeter verwandelte. Mit einem Endergebnis von 26:18\u00a0und zwei Punkten in der Tasche konnten wir getrost den Heimweg in Angriff ,nehmen und die Fahrt hatte sich gelohnt. \u00a0 \u00a0\u00a0<\/p>\n","protected":false},"excerpt":{"rendered":"<p>Es war eine harte Woche f\u00fcr meine M\u00e4dels; drei Punktspiele in sieben Tagen, davon zwei Ausw\u00e4rtsspiele am Wochenende, einmal gegen den Tabellenersten Sch\u00fcttorf und den Tabellenletzten Elsfleth. Gegen Sch\u00fcttorf hatte meine Mannschaft, so wie Ersatzcoach Alexandra\u00a0Cardinal schilderte, bis zum 8:7 am Gl\u00fccksstein reiben d\u00fcrfen. Dann kam eine\u00a0Hinausstellung f\u00fcr den SWO und der Wurm war drin. [&hellip;]<\/p>\n","protected":false},"author":3,"featured_media":0,"comment_status":"closed","ping_status":"closed","sticky":false,"template":"","format":"standard","meta":{"footnotes":""},"categories":[1],"tags":[],"_links":{"self":[{"href":"https:\/\/sw-osterfeine.de\/index.php?rest_route=\/wp\/v2\/posts\/9402"}],"collection":[{"href":"https:\/\/sw-osterfeine.de\/index.php?rest_route=\/wp\/v2\/posts"}],"about":[{"href":"https:\/\/sw-osterfeine.de\/index.php?rest_route=\/wp\/v2\/types\/post"}],"author":[{"embeddable":true,"href":"https:\/\/sw-osterfeine.de\/index.php?rest_route=\/wp\/v2\/users\/3"}],"replies":[{"embeddable":true,"href":"https:\/\/sw-osterfeine.de\/index.php?rest_route=%2Fwp%2Fv2%2Fcomments&post=9402"}],"version-history":[{"count":1,"href":"https:\/\/sw-osterfeine.de\/index.php?rest_route=\/wp\/v2\/posts\/9402\/revisions"}],"predecessor-version":[{"id":9403,"href":"https:\/\/sw-osterfeine.de\/index.php?rest_route=\/wp\/v2\/posts\/9402\/revisions\/9403"}],"wp:attachment":[{"href":"https:\/\/sw-osterfeine.de\/index.php?rest_route=%2Fwp%2Fv2%2Fmedia&parent=9402"}],"wp:term":[{"taxonomy":"category","embeddable":true,"href":"https:\/\/sw-osterfeine.de\/index.php?rest_route=%2Fwp%2Fv2%2Fcategories&post=9402"},{"taxonomy":"post_tag","embeddable":true,"href":"https:\/\/sw-osterfeine.de\/index.php?rest_route=%2Fwp%2Fv2%2Ftags&post=9402"}],"curies":[{"name":"wp","href":"https:\/\/api.w.org\/{rel}","templated":true}]}}