{"id":9410,"date":"2014-01-29T12:12:21","date_gmt":"2014-01-29T11:12:21","guid":{"rendered":"http:\/\/sw-osterfeine.de\/?p=9410"},"modified":"2014-01-29T12:12:28","modified_gmt":"2014-01-29T11:12:28","slug":"osv-d-jugendliche-fahren-zum-bundesligaspiel","status":"publish","type":"post","link":"https:\/\/sw-osterfeine.de\/?p=9410","title":{"rendered":"OSV D-Jugendliche fahren zum Bundesligaspiel"},"content":{"rendered":"<p style=\"text-align: left;\" align=\"center\"><a href=\"https:\/\/sw-osterfeine.de\/wp-content\/uploads\/2014\/01\/logo.png\" data-rel=\"lightbox-image-0\" data-rl_title=\"\" data-rl_caption=\"\"><img loading=\"lazy\" decoding=\"async\" class=\"size-thumbnail wp-image-9411\" title=\"\" src=\"https:\/\/sw-osterfeine.de\/wp-content\/uploads\/2014\/01\/logo-150x150.png\" alt=\"\" width=\"150\" height=\"150\" srcset=\"https:\/\/sw-osterfeine.de\/wp-content\/uploads\/2014\/01\/logo-150x150.png 150w, https:\/\/sw-osterfeine.de\/wp-content\/uploads\/2014\/01\/logo.png 220w\" sizes=\"(max-width: 150px) 100vw, 150px\" \/><\/a>\u00a0 \u00a0 \u00a0 \u00a0 \u00a0 \u00a0 \u00a0 \u00a0 \u00a0 \u00a0 \u00a0 \u00a0 \u00a0 \u00a0 \u00a0 \u00a0 <strong>vs<\/strong> \u00a0 \u00a0 \u00a0 \u00a0 \u00a0 \u00a0 \u00a0 \u00a0 \u00a0 \u00a0 \u00a0 \u00a0 \u00a0 \u00a0\u00a0<img loading=\"lazy\" decoding=\"async\" class=\"size-thumbnail wp-image-9412\" title=\"6.bild\" src=\"https:\/\/sw-osterfeine.de\/wp-content\/uploads\/2014\/01\/6.bild_-150x150.png\" alt=\"\" width=\"150\" height=\"150\" \/><\/p>\n<p style=\"text-align: left;\" align=\"center\">\u00a0<\/p>\n<p style=\"text-align: left;\" align=\"center\">\u00a0<\/p>\n<p style=\"text-align: left;\" align=\"center\">Die jungen Kicker vom SWO fahren am Samstag, den 01.02.2014 zum fast ausverkauften Bundesligaspiel Hannover 96 vs. VFL Borussia M\u00f6nchengladbach. Hannover 96 befindet sich im Aufwind mit dem neuen Trainer Tayfun Korkut und dem Ausw\u00e4rtssieg in Wolfsburg. Gladbach hingegen hatte es gegen Bayern M\u00fcnchen nicht leicht und m\u00f6chte jetzt in Hannover die ersten Punkte der R\u00fcckrunde einfahren. Schlie\u00dflich spielt die Mannschaft von Lucien Favre um die Champions-League Teilnahme mit. Der Doppeldeckerbus f\u00e4hrt um 14:30 Uhr mit insgesamt 43 Kindern und 27 Erwachsenen vom Sportplatz Osterfeine in Richtung Hannover. Ein sch\u00f6nes Event und eine tolle Abwechslung zum Trainingsbetrieb.\u00a0<\/p>\n<p>\u00a0Mit sportlichem Gru\u00df<\/p>\n<p>Christian Hellebusch<\/p>\n","protected":false},"excerpt":{"rendered":"<p>\u00a0 \u00a0 \u00a0 \u00a0 \u00a0 \u00a0 \u00a0 \u00a0 \u00a0 \u00a0 \u00a0 \u00a0 \u00a0 \u00a0 \u00a0 \u00a0 vs \u00a0 \u00a0 \u00a0 \u00a0 \u00a0 \u00a0 \u00a0 \u00a0 \u00a0 \u00a0 \u00a0 \u00a0 \u00a0 \u00a0\u00a0 \u00a0 \u00a0 Die jungen Kicker vom SWO fahren am Samstag, den 01.02.2014 zum fast ausverkauften Bundesligaspiel Hannover 96 vs. VFL Borussia M\u00f6nchengladbach. Hannover 96 [&hellip;]<\/p>\n","protected":false},"author":3,"featured_media":0,"comment_status":"closed","ping_status":"closed","sticky":false,"template":"","format":"standard","meta":{"footnotes":""},"categories":[3],"tags":[],"_links":{"self":[{"href":"https:\/\/sw-osterfeine.de\/index.php?rest_route=\/wp\/v2\/posts\/9410"}],"collection":[{"href":"https:\/\/sw-osterfeine.de\/index.php?rest_route=\/wp\/v2\/posts"}],"about":[{"href":"https:\/\/sw-osterfeine.de\/index.php?rest_route=\/wp\/v2\/types\/post"}],"author":[{"embeddable":true,"href":"https:\/\/sw-osterfeine.de\/index.php?rest_route=\/wp\/v2\/users\/3"}],"replies":[{"embeddable":true,"href":"https:\/\/sw-osterfeine.de\/index.php?rest_route=%2Fwp%2Fv2%2Fcomments&post=9410"}],"version-history":[{"count":4,"href":"https:\/\/sw-osterfeine.de\/index.php?rest_route=\/wp\/v2\/posts\/9410\/revisions"}],"predecessor-version":[{"id":9416,"href":"https:\/\/sw-osterfeine.de\/index.php?rest_route=\/wp\/v2\/posts\/9410\/revisions\/9416"}],"wp:attachment":[{"href":"https:\/\/sw-osterfeine.de\/index.php?rest_route=%2Fwp%2Fv2%2Fmedia&parent=9410"}],"wp:term":[{"taxonomy":"category","embeddable":true,"href":"https:\/\/sw-osterfeine.de\/index.php?rest_route=%2Fwp%2Fv2%2Fcategories&post=9410"},{"taxonomy":"post_tag","embeddable":true,"href":"https:\/\/sw-osterfeine.de\/index.php?rest_route=%2Fwp%2Fv2%2Ftags&post=9410"}],"curies":[{"name":"wp","href":"https:\/\/api.w.org\/{rel}","templated":true}]}}