{"id":9420,"date":"2014-01-31T13:27:54","date_gmt":"2014-01-31T12:27:54","guid":{"rendered":"http:\/\/sw-osterfeine.de\/?p=9420"},"modified":"2014-01-31T19:58:20","modified_gmt":"2014-01-31T18:58:20","slug":"b-jugend-mischt-beim-youngstarcup-in-rehden-mit","status":"publish","type":"post","link":"https:\/\/sw-osterfeine.de\/?p=9420","title":{"rendered":"B-Jugend mischte beim YoungstarCup in Rehden mit"},"content":{"rendered":"<p>Einen guten sechsten Platz belegte unsere U17-Fu\u00dfballer beim\u00a0RWD-YoungstarCup 2014 am vergangenen Wochenende in Rehden. Als nahezu einziger Kreisligist eher Au\u00dfenseiter des sehr gut besetzten Turniers konnte sich unsere B-Jugend am Ende noch vor zwei heimischen Teams aus \u00a0der Bezirksliga platzieren.<\/p>\n<p>Mit dem TuS Garbsen, Germania Grasdorf und dem Gastgeber JFV \u00a0Rehden-Wetschen-Diepholz waren gleich drei Landesligisten am Start, dazu \u00a0kamen die drei Bezirksligisten SG Steinfeld\/M\u00fchlen, TV Dinklage und TuS Sulingen sowie RW Damme (Kreisliga). Im ersten Gruppenspiel unterlagen \u00a0wir dem sp\u00e4teren Finalisten TuS Garbsen mit 1:3 (Torsch\u00fctze Johannes Decker), steigerten uns aber im Verlauf des zweiten Spiels und holten einen 0:3-R\u00fcckstand gegen den TuS Sulingen beinahe noch auf, am Ende reichten die sp\u00e4ten Tore von Lukas Decker und Carl-Bernd St\u00e4rk nicht \u00a0aus. Im dritten und letzten Gruppenspiel bezwangen wir den TV Dinklage durch ein Tor von Johannes Decker mit 1:0, was uns den dritten Tabellenplatz in der Gruppe A sicherte.<\/p>\n<p>Im B-Halbfinale trafen wir auf die SG Steinfeld\/M\u00fchlen, Vierter der Gruppe B. Mit unseren Nachbarn hatten wir mehr M\u00fche als uns lieb war: Die F\u00fchrung von Freddy Lampe glichen die jungen Falken umgehend aus, doch Lukas Decker sorgte mit dem 2:1 f\u00fcr den gl\u00fccklichen Sieg der Schwarz-Wei\u00dfen. Im letzten Platzierungsspiel trafen wir auf Germania Grasdorf. Tobias Fangmann brachte uns \u00fcberraschend, aber nicht unverdient\u00a0in F\u00fchrung, ehe kurz vor Schluss die Germania nach nicht geahndetem Foulspiel gegen uns\u00a0ausglich. Das Neunmeterschie\u00dfen entschied der Landesligist mit 6:5\u00a0f\u00fcr sich. Stark: Christian Meyer im Tor.<\/p>\n<p>Mit in Rehden dabei waren die Spieler Adrian Meyer, Frederick Ihorst,\u00a0Markus Lapke, Tobias Fangmann, Thomas Kolbeck, Christian Meyer,\u00a0Carl-Bernd St\u00e4rk, Freddy Lampe, Johannes Decker, Lukas Decker und\u00a0Zhouhao Xu sowie Hubert Pieper, Bernd Grambke und Heinrich Kruthaup vom Trainerstab und Ulrich Decker als Fahrer.<\/p>\n<p style=\"text-align: right;\"><em>Heinrich Kruthaup<\/em><\/p>\n","protected":false},"excerpt":{"rendered":"<p>Einen guten sechsten Platz belegte unsere U17-Fu\u00dfballer beim\u00a0RWD-YoungstarCup 2014 am vergangenen Wochenende in Rehden. Als nahezu einziger Kreisligist eher Au\u00dfenseiter des sehr gut besetzten Turniers konnte sich unsere B-Jugend am Ende noch vor zwei heimischen Teams aus \u00a0der Bezirksliga platzieren. Mit dem TuS Garbsen, Germania Grasdorf und dem Gastgeber JFV \u00a0Rehden-Wetschen-Diepholz waren gleich drei Landesligisten [&hellip;]<\/p>\n","protected":false},"author":3,"featured_media":0,"comment_status":"closed","ping_status":"closed","sticky":false,"template":"","format":"standard","meta":{"footnotes":""},"categories":[3],"tags":[55,54,45],"_links":{"self":[{"href":"https:\/\/sw-osterfeine.de\/index.php?rest_route=\/wp\/v2\/posts\/9420"}],"collection":[{"href":"https:\/\/sw-osterfeine.de\/index.php?rest_route=\/wp\/v2\/posts"}],"about":[{"href":"https:\/\/sw-osterfeine.de\/index.php?rest_route=\/wp\/v2\/types\/post"}],"author":[{"embeddable":true,"href":"https:\/\/sw-osterfeine.de\/index.php?rest_route=\/wp\/v2\/users\/3"}],"replies":[{"embeddable":true,"href":"https:\/\/sw-osterfeine.de\/index.php?rest_route=%2Fwp%2Fv2%2Fcomments&post=9420"}],"version-history":[{"count":7,"href":"https:\/\/sw-osterfeine.de\/index.php?rest_route=\/wp\/v2\/posts\/9420\/revisions"}],"predecessor-version":[{"id":9424,"href":"https:\/\/sw-osterfeine.de\/index.php?rest_route=\/wp\/v2\/posts\/9420\/revisions\/9424"}],"wp:attachment":[{"href":"https:\/\/sw-osterfeine.de\/index.php?rest_route=%2Fwp%2Fv2%2Fmedia&parent=9420"}],"wp:term":[{"taxonomy":"category","embeddable":true,"href":"https:\/\/sw-osterfeine.de\/index.php?rest_route=%2Fwp%2Fv2%2Fcategories&post=9420"},{"taxonomy":"post_tag","embeddable":true,"href":"https:\/\/sw-osterfeine.de\/index.php?rest_route=%2Fwp%2Fv2%2Ftags&post=9420"}],"curies":[{"name":"wp","href":"https:\/\/api.w.org\/{rel}","templated":true}]}}