{"id":9428,"date":"2014-01-31T20:03:26","date_gmt":"2014-01-31T19:03:26","guid":{"rendered":"http:\/\/sw-osterfeine.de\/?p=9428"},"modified":"2014-01-31T20:08:37","modified_gmt":"2014-01-31T19:08:37","slug":"2-blitzturnier-fur-b-junioren-in-osterfeine","status":"publish","type":"post","link":"https:\/\/sw-osterfeine.de\/?p=9428","title":{"rendered":"2. Blitzturnier f\u00fcr B-Junioren in Osterfeine"},"content":{"rendered":"<p>Aufgrund einiger Nachfragen und weil wir selber Spa\u00df daran haben leben wir in diesem Jahr unser Blitzturnier f\u00fcr U17-Mannschaften wieder auf. Nach 2012 ist es die zweite Veranstaltung dieser Art. Sechs Teams aus dem n\u00e4heren Umfeld treten am <strong>Samstag, den 1. Februar<\/strong>, zwanglos in der Sporthalle Osterfeine gegeneinander an. Gespielt wird im Modus Jeder-gegen-Jeden, die Spielzeit betr\u00e4gt einmal 13 Minuten. Mit dabei sind diesmal die beiden Bezirksligisten TV Dinklage und SG Steinfeld\/M\u00fchlen, die beiden Kreisligisten RW Damme und SG Holdorf\/Langenberg sowie BS V\u00f6rden aus der 1. KK und unser Nachwuchs.<\/p>\n<p>Beginn ist um <strong>15:00 Uhr<\/strong> mit der Begegnung SW Osterfeine gegen BS V\u00f6rden, das Turnier endet gegen 18:45 Uhr.<\/p>\n<p style=\"text-align: right;\"><em>Heinrich Kruthaup<\/em><\/p>\n","protected":false},"excerpt":{"rendered":"<p>Aufgrund einiger Nachfragen und weil wir selber Spa\u00df daran haben leben wir in diesem Jahr unser Blitzturnier f\u00fcr U17-Mannschaften wieder auf. Nach 2012 ist es die zweite Veranstaltung dieser Art. Sechs Teams aus dem n\u00e4heren Umfeld treten am Samstag, den 1. Februar, zwanglos in der Sporthalle Osterfeine gegeneinander an. Gespielt wird im Modus Jeder-gegen-Jeden, die [&hellip;]<\/p>\n","protected":false},"author":3,"featured_media":0,"comment_status":"closed","ping_status":"closed","sticky":false,"template":"","format":"standard","meta":{"footnotes":""},"categories":[3],"tags":[11,47,52,45],"_links":{"self":[{"href":"https:\/\/sw-osterfeine.de\/index.php?rest_route=\/wp\/v2\/posts\/9428"}],"collection":[{"href":"https:\/\/sw-osterfeine.de\/index.php?rest_route=\/wp\/v2\/posts"}],"about":[{"href":"https:\/\/sw-osterfeine.de\/index.php?rest_route=\/wp\/v2\/types\/post"}],"author":[{"embeddable":true,"href":"https:\/\/sw-osterfeine.de\/index.php?rest_route=\/wp\/v2\/users\/3"}],"replies":[{"embeddable":true,"href":"https:\/\/sw-osterfeine.de\/index.php?rest_route=%2Fwp%2Fv2%2Fcomments&post=9428"}],"version-history":[{"count":6,"href":"https:\/\/sw-osterfeine.de\/index.php?rest_route=\/wp\/v2\/posts\/9428\/revisions"}],"predecessor-version":[{"id":9430,"href":"https:\/\/sw-osterfeine.de\/index.php?rest_route=\/wp\/v2\/posts\/9428\/revisions\/9430"}],"wp:attachment":[{"href":"https:\/\/sw-osterfeine.de\/index.php?rest_route=%2Fwp%2Fv2%2Fmedia&parent=9428"}],"wp:term":[{"taxonomy":"category","embeddable":true,"href":"https:\/\/sw-osterfeine.de\/index.php?rest_route=%2Fwp%2Fv2%2Fcategories&post=9428"},{"taxonomy":"post_tag","embeddable":true,"href":"https:\/\/sw-osterfeine.de\/index.php?rest_route=%2Fwp%2Fv2%2Ftags&post=9428"}],"curies":[{"name":"wp","href":"https:\/\/api.w.org\/{rel}","templated":true}]}}