{"id":9487,"date":"2014-02-10T12:29:51","date_gmt":"2014-02-10T11:29:51","guid":{"rendered":"http:\/\/sw-osterfeine.de\/?p=9487"},"modified":"2014-02-10T12:29:51","modified_gmt":"2014-02-10T11:29:51","slug":"c-jugend-landesliga-gegen-spitzenreiter-vfl-oldenburg","status":"publish","type":"post","link":"https:\/\/sw-osterfeine.de\/?p=9487","title":{"rendered":"C-Jugend Landesliga gegen Spitzenreiter Vfl Oldenburg"},"content":{"rendered":"<p>Eine tolle Partie, die zu jedem Zeitpunkt interessant war, obwohl die\u00a0Oldenburger schon in der ersten Halbzeit mit 5 Toren davon zogen. Aber nach\u00a0einer Zeitstrafe von Oldenburg kamen wir wieder bis auf ein Tor ran. Das\u00a0Halbzeitergebnis von 11:7 war dann auch ganz passabel.<\/p>\n<p>Nach der Pause machten die Gegner dann aber richtig Dampf und erreichten mit\u00a08-9 Tempogegenst\u00f6\u00dfen einen gro\u00dfen Abstand. Auch obwohl die Oldenburgerinnen\u00a0die wesentlich ausgeglichenere Mannschaft war, haben meine M\u00e4dels sich gut in\u00a0der Abwehr bew\u00e4hrt und so die ein oder andere sichere\u00a0\u00a0Chance der Oldenburger zunichte gemacht. Und ein Ergebnis von 22:12 gegen den\u00a0Favoriten kann sich wohl sehen lassen. Ein gutes Spiel machten wieder\u00a0einmal unsere beiden Torfrauen Laura Berens und Frauke L\u00fccke.<\/p>\n","protected":false},"excerpt":{"rendered":"<p>Eine tolle Partie, die zu jedem Zeitpunkt interessant war, obwohl die\u00a0Oldenburger schon in der ersten Halbzeit mit 5 Toren davon zogen. Aber nach\u00a0einer Zeitstrafe von Oldenburg kamen wir wieder bis auf ein Tor ran. Das\u00a0Halbzeitergebnis von 11:7 war dann auch ganz passabel. Nach der Pause machten die Gegner dann aber richtig Dampf und erreichten mit\u00a08-9 [&hellip;]<\/p>\n","protected":false},"author":3,"featured_media":0,"comment_status":"closed","ping_status":"closed","sticky":false,"template":"","format":"standard","meta":{"footnotes":""},"categories":[1],"tags":[],"_links":{"self":[{"href":"https:\/\/sw-osterfeine.de\/index.php?rest_route=\/wp\/v2\/posts\/9487"}],"collection":[{"href":"https:\/\/sw-osterfeine.de\/index.php?rest_route=\/wp\/v2\/posts"}],"about":[{"href":"https:\/\/sw-osterfeine.de\/index.php?rest_route=\/wp\/v2\/types\/post"}],"author":[{"embeddable":true,"href":"https:\/\/sw-osterfeine.de\/index.php?rest_route=\/wp\/v2\/users\/3"}],"replies":[{"embeddable":true,"href":"https:\/\/sw-osterfeine.de\/index.php?rest_route=%2Fwp%2Fv2%2Fcomments&post=9487"}],"version-history":[{"count":1,"href":"https:\/\/sw-osterfeine.de\/index.php?rest_route=\/wp\/v2\/posts\/9487\/revisions"}],"predecessor-version":[{"id":9488,"href":"https:\/\/sw-osterfeine.de\/index.php?rest_route=\/wp\/v2\/posts\/9487\/revisions\/9488"}],"wp:attachment":[{"href":"https:\/\/sw-osterfeine.de\/index.php?rest_route=%2Fwp%2Fv2%2Fmedia&parent=9487"}],"wp:term":[{"taxonomy":"category","embeddable":true,"href":"https:\/\/sw-osterfeine.de\/index.php?rest_route=%2Fwp%2Fv2%2Fcategories&post=9487"},{"taxonomy":"post_tag","embeddable":true,"href":"https:\/\/sw-osterfeine.de\/index.php?rest_route=%2Fwp%2Fv2%2Ftags&post=9487"}],"curies":[{"name":"wp","href":"https:\/\/api.w.org\/{rel}","templated":true}]}}