{"id":9509,"date":"2014-02-17T12:29:39","date_gmt":"2014-02-17T11:29:39","guid":{"rendered":"http:\/\/sw-osterfeine.de\/?p=9509"},"modified":"2014-02-17T12:29:44","modified_gmt":"2014-02-17T11:29:44","slug":"jungstes-lauftreffmitglied-erlebt-klasse-debut-beim-start-in-bakum","status":"publish","type":"post","link":"https:\/\/sw-osterfeine.de\/?p=9509","title":{"rendered":"J\u00fcngstes Lauftreffmitglied erlebt Klasse-Deb\u00fct beim Start in Bakum!"},"content":{"rendered":"<p>Trotz unseres 40-j\u00e4hrigen, vereinseigenen Hallenjubil\u00e4ums wagten sich 3 tollk\u00fchne L\u00e4ufer nach Bakum. Bei windigen Verh\u00e4ltnissen und strahlendem Sonnenschein ist es uns gelungen, unseren Lauftreff zwischen ca. 100 Startern mit guten Ergebnissen zu pr\u00e4sentieren. Besonderen Respekt gilt unserem 11-j\u00e4hrigen Neuzugang aus Dalinghausen, Mathis Lampe, der nach 27 Minuten seine 5 km geschafft hatte.<br \/>\n Tine und Mathis wollten eigentlich nur die 5 km Strecke laufen, doch in ihrem Eifer haben sie die Kurve zur 5 km Strecke \u00fcbersehen und sind dann die 10 km Strecke gelaufen, mit sensationellen 54 Minuten trotz starkem Gegenwind. Unser Top-L\u00e4ufer Franz Steinkamp hat die 10 km Strecke in sagenhaften 41 Minuten geschafft. Die Strecke war sehr abwechslungsreich, die Organisation war ohne Fehl und Tadel, so dass wir uns n\u00e4chstes Jahr auf einen weiteren Lauf in Bakum freuen k\u00f6nnen. W\u00e4hrend der Tombola f\u00fcr Sportler gegen Hunger regenerierten sich die L\u00e4ufer bei einem Teller selbstgemachter Erbsensuppe.<!--more--><\/p>\n<p style=\"text-align: center;\"><a href=\"https:\/\/sw-osterfeine.de\/wp-content\/uploads\/2014\/02\/bbd70c011b1deee2d44d1b2e6faf0716.jpg\" data-rel=\"lightbox-image-0\" data-rl_title=\"\" data-rl_caption=\"\"><img loading=\"lazy\" decoding=\"async\" class=\"aligncenter  wp-image-9510\" title=\"\" src=\"https:\/\/sw-osterfeine.de\/wp-content\/uploads\/2014\/02\/bbd70c011b1deee2d44d1b2e6faf0716.jpg\" alt=\"\" width=\"440\" height=\"300\" \/><\/a><\/p>\n<p>Aktuell sind knapp 40 regelm\u00e4\u00dfig laufende SWO\u00b4ler im Lauftreff aktiv, und fast jede Woche kommen 1-2 neue Anf\u00e4nger und auch routinierte L\u00e4ufer dazu. Die im Oktober letzten Jahres begonnenen Anf\u00e4nger haben sich \u00fcbrigens sehr gut entwickelt, einige kratzen schon an der 10 km Distanz!! Respekt und unbedingt dran bleiben und weiter machen: auch wenn das Wetter in der in den Wintermonaten gelegentlich Unmut aufkommen l\u00e4sst! Nach dem Training ist jeder froh, das er sich aufraffen konnte und es sich gelohnt hat!<br \/>\n Die Winterzeit n\u00e4hert sich dem Ende, diese macht sich bemerkbar weil unsere Anf\u00e4nger um 17.30 Uhr schon ohne Taschenlampe durchlaufen k\u00f6nnen. Wir freuen und schon jetzt auf steigende Temperaturen und viele sch\u00f6ne Laufevents in 2014!<\/p>\n<p>Bis bald,<\/p>\n<p>euer Lauftreff!<\/p>\n","protected":false},"excerpt":{"rendered":"<p>Trotz unseres 40-j\u00e4hrigen, vereinseigenen Hallenjubil\u00e4ums wagten sich 3 tollk\u00fchne L\u00e4ufer nach Bakum. Bei windigen Verh\u00e4ltnissen und strahlendem Sonnenschein ist es uns gelungen, unseren Lauftreff zwischen ca. 100 Startern mit guten Ergebnissen zu pr\u00e4sentieren. Besonderen Respekt gilt unserem 11-j\u00e4hrigen Neuzugang aus Dalinghausen, Mathis Lampe, der nach 27 Minuten seine 5 km geschafft hatte. Tine und Mathis [&hellip;]<\/p>\n","protected":false},"author":3,"featured_media":0,"comment_status":"closed","ping_status":"closed","sticky":false,"template":"","format":"standard","meta":{"footnotes":""},"categories":[38],"tags":[],"_links":{"self":[{"href":"https:\/\/sw-osterfeine.de\/index.php?rest_route=\/wp\/v2\/posts\/9509"}],"collection":[{"href":"https:\/\/sw-osterfeine.de\/index.php?rest_route=\/wp\/v2\/posts"}],"about":[{"href":"https:\/\/sw-osterfeine.de\/index.php?rest_route=\/wp\/v2\/types\/post"}],"author":[{"embeddable":true,"href":"https:\/\/sw-osterfeine.de\/index.php?rest_route=\/wp\/v2\/users\/3"}],"replies":[{"embeddable":true,"href":"https:\/\/sw-osterfeine.de\/index.php?rest_route=%2Fwp%2Fv2%2Fcomments&post=9509"}],"version-history":[{"count":6,"href":"https:\/\/sw-osterfeine.de\/index.php?rest_route=\/wp\/v2\/posts\/9509\/revisions"}],"predecessor-version":[{"id":9516,"href":"https:\/\/sw-osterfeine.de\/index.php?rest_route=\/wp\/v2\/posts\/9509\/revisions\/9516"}],"wp:attachment":[{"href":"https:\/\/sw-osterfeine.de\/index.php?rest_route=%2Fwp%2Fv2%2Fmedia&parent=9509"}],"wp:term":[{"taxonomy":"category","embeddable":true,"href":"https:\/\/sw-osterfeine.de\/index.php?rest_route=%2Fwp%2Fv2%2Fcategories&post=9509"},{"taxonomy":"post_tag","embeddable":true,"href":"https:\/\/sw-osterfeine.de\/index.php?rest_route=%2Fwp%2Fv2%2Ftags&post=9509"}],"curies":[{"name":"wp","href":"https:\/\/api.w.org\/{rel}","templated":true}]}}