{"id":9572,"date":"2014-03-07T09:23:20","date_gmt":"2014-03-07T08:23:20","guid":{"rendered":"http:\/\/sw-osterfeine.de\/?p=9572"},"modified":"2014-03-07T12:22:12","modified_gmt":"2014-03-07T11:22:12","slug":"ii-e-jugend-von-swo-holt-2-platz-bei-04er-hallen-cup-von-rw-damme","status":"publish","type":"post","link":"https:\/\/sw-osterfeine.de\/?p=9572","title":{"rendered":"II. E-Jugend von SWO holt 2. Platz bei \u201e04er Hallen-Cup\u201c von RW Damme"},"content":{"rendered":"<p>Am vergangenen Sonntag trat unsere II. E-Jugendmannschaft beim ersten \u201e2004er-Hallen Cup\u201c von RW Damme an und holte dort ein wenig \u00fcberraschend einen hervorragenden 2. Platz von insgesamt acht teilnehmenden Mannschaften.<\/p>\n<p>Die von Frank B\u00f6ckmann und J\u00fcrgen Jacob betreute Mannschaft bekam es in der Gruppe A gegen die Mannschaften aus Steinfeld, Holdorf und Sankt H\u00fclfe\/Heede zu tun, w\u00e4hrend in der Gruppe B die Mannschaften von Neuenkirchen, Merzen, Brockum\/Lemf\u00f6rde und Damme um den Einzug in die Halbfinalspiele k\u00e4mpften.<\/p>\n<p>Nach einem guten Start mit einem 3:1 Sieg gegen die Mannschaft aus Seinfeld, bekamen wir im zweiten Spiel, gegen die in der Gruppenphase dominierende Mannschaft aus Holdorf, eine kr\u00e4ftige 0:5 Abfuhr. Erst nach einer klaren Ansprache in der Kabine kn\u00fcpften unsere Spieler wieder an die Leistung aus dem ersten Spiel gegen Steinfeld an und schlugen unseren letzten Gegner aus Sankt H\u00fclfe\/Heede mit 4:1 Toren. Durch den Sieg und der anschlie\u00dfenden Niederlage von Steinfeld gegen Holdorf qualifizierten wir uns f\u00fcr das Halbfinale. Dort bekamen wir es mit dem Gruppensieger der Gruppe B vom TuS Neuenkirchen zu tun.<!--more--><\/p>\n<p>In diesem Spiel bekamen die zahlreichen Zuschauer das wohl beste Spiel des Turniers zu sehen. In einem spannenden Spiel, welches wir erst in den letzten zwei Spielminuten entscheiden konnten, behielten wir schlie\u00dflich verdient mit 6:3 die Oberhand und zogen doch etwas \u00fcberraschend und zur Freude aller Spieler und mitgereisten Fans in das Endspiel ein.<\/p>\n<p>Unser Endspielgegner war dann die auch schon in der Vorrunde sehr starke Mannschaft aus Brockum\/Lemf\u00f6rde, welche ausschlie\u00dflich mit Spielern des Jahrganges 2003 angetreten war. Allein k\u00f6rperlich und letztlich auch spielerisch war uns die Mannschaft aus Brockum \u00fcberlegen. Obwohl unsere Jungs versuchten mit Einsatz dagegen zu halten, konnte die deutliche 1:5 Niederlage nicht verhindert werden.<\/p>\n<p>Dennoch konnte man aus diesem Turnier ein sehr positives Fazit ziehen, zumal die Jungs ein gutes Turnier gespielt hatten und wir mit unserer Mannschaft am Turniertag doch die beste Mannschaft des Jahrgangs 2004 stellen konnten. Zur Belohnung gab es f\u00fcr jeden Spieler eine Medallie und zus\u00e4tzlich noch einen stattlichen Pokal, welcher nach dem Mannschaftsfoto noch mit reichlich Cola eingeweiht wurde.<\/p>\n<p>&nbsp;<\/p>\n\n\t\t<style type=\"text\/css\">\n\t\t\t#gallery-1 {\n\t\t\t\tmargin: auto;\n\t\t\t}\n\t\t\t#gallery-1 .gallery-item {\n\t\t\t\tfloat: left;\n\t\t\t\tmargin-top: 10px;\n\t\t\t\ttext-align: center;\n\t\t\t\twidth: 33%;\n\t\t\t}\n\t\t\t#gallery-1 img {\n\t\t\t\tborder: 2px solid #cfcfcf;\n\t\t\t}\n\t\t\t#gallery-1 .gallery-caption {\n\t\t\t\tmargin-left: 0;\n\t\t\t}\n\t\t\t\/* see gallery_shortcode() in wp-includes\/media.php *\/\n\t\t<\/style>\n\t\t<div id='gallery-1' class='gallery galleryid-9572 gallery-columns-3 gallery-size-thumbnail'><dl class='gallery-item'>\n\t\t\t<dt class='gallery-icon landscape'>\n\t\t\t\t<a href='https:\/\/sw-osterfeine.de\/wp-content\/uploads\/2014\/03\/IMG-20140303-WA0006.jpg' title=\"\" data-rl_title=\"\" class=\"rl-gallery-link\" data-rl_caption=\"\" data-rel=\"lightbox-gallery-1\"><img loading=\"lazy\" decoding=\"async\" width=\"150\" height=\"150\" src=\"https:\/\/sw-osterfeine.de\/wp-content\/uploads\/2014\/03\/IMG-20140303-WA0006-150x150.jpg\" class=\"attachment-thumbnail size-thumbnail\" alt=\"\" \/><\/a>\n\t\t\t<\/dt><\/dl><dl class='gallery-item'>\n\t\t\t<dt class='gallery-icon landscape'>\n\t\t\t\t<a href='https:\/\/sw-osterfeine.de\/wp-content\/uploads\/2014\/03\/2.E-j.jpg' title=\"\" data-rl_title=\"\" class=\"rl-gallery-link\" data-rl_caption=\"\" data-rel=\"lightbox-gallery-1\"><img loading=\"lazy\" decoding=\"async\" width=\"150\" height=\"150\" src=\"https:\/\/sw-osterfeine.de\/wp-content\/uploads\/2014\/03\/2.E-j-150x150.jpg\" class=\"attachment-thumbnail size-thumbnail\" alt=\"\" \/><\/a>\n\t\t\t<\/dt><\/dl><dl class='gallery-item'>\n\t\t\t<dt class='gallery-icon landscape'>\n\t\t\t\t<a href='https:\/\/sw-osterfeine.de\/wp-content\/uploads\/2014\/03\/2.E-J1.jpg' title=\"\" data-rl_title=\"\" class=\"rl-gallery-link\" data-rl_caption=\"\" data-rel=\"lightbox-gallery-1\"><img loading=\"lazy\" decoding=\"async\" width=\"150\" height=\"150\" src=\"https:\/\/sw-osterfeine.de\/wp-content\/uploads\/2014\/03\/2.E-J1-150x150.jpg\" class=\"attachment-thumbnail size-thumbnail\" alt=\"\" \/><\/a>\n\t\t\t<\/dt><\/dl><br style=\"clear: both\" \/>\n\t\t<\/div>\n\n","protected":false},"excerpt":{"rendered":"<p>Am vergangenen Sonntag trat unsere II. E-Jugendmannschaft beim ersten \u201e2004er-Hallen Cup\u201c von RW Damme an und holte dort ein wenig \u00fcberraschend einen hervorragenden 2. Platz von insgesamt acht teilnehmenden Mannschaften. Die von Frank B\u00f6ckmann und J\u00fcrgen Jacob betreute Mannschaft bekam es in der Gruppe A gegen die Mannschaften aus Steinfeld, Holdorf und Sankt H\u00fclfe\/Heede zu [&hellip;]<\/p>\n","protected":false},"author":3,"featured_media":0,"comment_status":"closed","ping_status":"closed","sticky":false,"template":"","format":"standard","meta":{"footnotes":""},"categories":[3],"tags":[],"_links":{"self":[{"href":"https:\/\/sw-osterfeine.de\/index.php?rest_route=\/wp\/v2\/posts\/9572"}],"collection":[{"href":"https:\/\/sw-osterfeine.de\/index.php?rest_route=\/wp\/v2\/posts"}],"about":[{"href":"https:\/\/sw-osterfeine.de\/index.php?rest_route=\/wp\/v2\/types\/post"}],"author":[{"embeddable":true,"href":"https:\/\/sw-osterfeine.de\/index.php?rest_route=\/wp\/v2\/users\/3"}],"replies":[{"embeddable":true,"href":"https:\/\/sw-osterfeine.de\/index.php?rest_route=%2Fwp%2Fv2%2Fcomments&post=9572"}],"version-history":[{"count":3,"href":"https:\/\/sw-osterfeine.de\/index.php?rest_route=\/wp\/v2\/posts\/9572\/revisions"}],"predecessor-version":[{"id":9590,"href":"https:\/\/sw-osterfeine.de\/index.php?rest_route=\/wp\/v2\/posts\/9572\/revisions\/9590"}],"wp:attachment":[{"href":"https:\/\/sw-osterfeine.de\/index.php?rest_route=%2Fwp%2Fv2%2Fmedia&parent=9572"}],"wp:term":[{"taxonomy":"category","embeddable":true,"href":"https:\/\/sw-osterfeine.de\/index.php?rest_route=%2Fwp%2Fv2%2Fcategories&post=9572"},{"taxonomy":"post_tag","embeddable":true,"href":"https:\/\/sw-osterfeine.de\/index.php?rest_route=%2Fwp%2Fv2%2Ftags&post=9572"}],"curies":[{"name":"wp","href":"https:\/\/api.w.org\/{rel}","templated":true}]}}