{"id":9583,"date":"2014-03-07T10:08:28","date_gmt":"2014-03-07T09:08:28","guid":{"rendered":"http:\/\/sw-osterfeine.de\/?p=9583"},"modified":"2014-03-07T10:11:49","modified_gmt":"2014-03-07T09:11:49","slug":"vorbericht-1-herren-2","status":"publish","type":"post","link":"https:\/\/sw-osterfeine.de\/?p=9583","title":{"rendered":"Vorbericht &#8211; 1. Herren"},"content":{"rendered":"<p>Zum ersten Meisterschaftsspiel und gleichzeitig zum ersten Derby im neuen Jahr hei\u00dft die 1. Mannschaft alle Zuschauer recht herzlich willkommen. Ein besonderer Gru\u00df gilt unseren G\u00e4sten aus Steinfeld.<\/p>\n<p>R\u00fcckwirkend k\u00f6nnen wir mit der ersten Saisonh\u00e4lfte recht zufrieden sein. Zwar wurden ein paar Punkte leichtfertig verschenkt, dennoch stehen wir mit 31 Punkten auf Platz 5 und einem Spiel weniger ziemlich gut und in Schlagdistanz zu Platz 3 da.<\/p>\n<p>Lohn f\u00fcr diese Leistung war die Teilnahme am OV Supercup im Rasta-Dome, was sicherlich mit der guten Platzierung schon ein Highlight der Saison war.<\/p>\n<p>Nach unz\u00e4hligen Lauf- und Trainingseinheiten, nach einem Unentschieden gegen BW Hollage, nach den folgenden 4 Siegen gegen VfL Wildeshausen, VfR Evesen, BW Langf\u00f6rden und TuS Borgloh und einem Trainingslager in Barsinghausen geht die Vorbereitung nun endlich zu Ende.<!--more--><\/p>\n<p>Insgesamt k\u00f6nnen wir mit dem Verlauf der letzten 6 Wochen sehr zufrieden sein, zumal Michael Harpenau wieder ins Training einsteigen konnte und beschwerdefrei Fussball spielen kann.<\/p>\n<p>Ein richtig schweres Auftaktprogramm startet am Sonntag mit dem Derby gegen Falke Steinfeld. Auf dem Papier gehen wir eventuell leicht favorisiert ins Spiel, allerdings muss so ein \u201eDerby\u201c erst einmal gespielt werden.<\/p>\n<p>Das Hinspiel in Steinfeld konnten wir durch 2 sp\u00e4te Tore von Steffen Kreymborg vielleicht etwas gl\u00fccklich mit 2:1 gewinnen. Deswegen sollten wir gewarnt sein und uns von der Tabelle nicht t\u00e4uschen lassen. Nur dann k\u00f6nnen wir wieder gegen den heutigen Gegner bestehen.<\/p>\n<p>Und wenn wir das die ganze Saison durchziehen und die unn\u00f6tigen Fehler abstellen, d\u00fcrfen wir eventuell sogar bald auf den besagten dritten Platz schielen.<\/p>\n<p>\u00a0Abschlie\u00dfend w\u00fcnschen wir allen Zuschauern ein sehenswertes Derby!<\/p>\n<p>\u00a0Die 1. Mannschaft<\/p>\n","protected":false},"excerpt":{"rendered":"<p>Zum ersten Meisterschaftsspiel und gleichzeitig zum ersten Derby im neuen Jahr hei\u00dft die 1. Mannschaft alle Zuschauer recht herzlich willkommen. Ein besonderer Gru\u00df gilt unseren G\u00e4sten aus Steinfeld. R\u00fcckwirkend k\u00f6nnen wir mit der ersten Saisonh\u00e4lfte recht zufrieden sein. Zwar wurden ein paar Punkte leichtfertig verschenkt, dennoch stehen wir mit 31 Punkten auf Platz 5 und [&hellip;]<\/p>\n","protected":false},"author":3,"featured_media":0,"comment_status":"closed","ping_status":"closed","sticky":false,"template":"","format":"standard","meta":{"footnotes":""},"categories":[3],"tags":[],"_links":{"self":[{"href":"https:\/\/sw-osterfeine.de\/index.php?rest_route=\/wp\/v2\/posts\/9583"}],"collection":[{"href":"https:\/\/sw-osterfeine.de\/index.php?rest_route=\/wp\/v2\/posts"}],"about":[{"href":"https:\/\/sw-osterfeine.de\/index.php?rest_route=\/wp\/v2\/types\/post"}],"author":[{"embeddable":true,"href":"https:\/\/sw-osterfeine.de\/index.php?rest_route=\/wp\/v2\/users\/3"}],"replies":[{"embeddable":true,"href":"https:\/\/sw-osterfeine.de\/index.php?rest_route=%2Fwp%2Fv2%2Fcomments&post=9583"}],"version-history":[{"count":4,"href":"https:\/\/sw-osterfeine.de\/index.php?rest_route=\/wp\/v2\/posts\/9583\/revisions"}],"predecessor-version":[{"id":9586,"href":"https:\/\/sw-osterfeine.de\/index.php?rest_route=\/wp\/v2\/posts\/9583\/revisions\/9586"}],"wp:attachment":[{"href":"https:\/\/sw-osterfeine.de\/index.php?rest_route=%2Fwp%2Fv2%2Fmedia&parent=9583"}],"wp:term":[{"taxonomy":"category","embeddable":true,"href":"https:\/\/sw-osterfeine.de\/index.php?rest_route=%2Fwp%2Fv2%2Fcategories&post=9583"},{"taxonomy":"post_tag","embeddable":true,"href":"https:\/\/sw-osterfeine.de\/index.php?rest_route=%2Fwp%2Fv2%2Ftags&post=9583"}],"curies":[{"name":"wp","href":"https:\/\/api.w.org\/{rel}","templated":true}]}}