{"id":9609,"date":"2014-03-16T19:49:30","date_gmt":"2014-03-16T18:49:30","guid":{"rendered":"http:\/\/sw-osterfeine.de\/?p=9609"},"modified":"2014-03-16T19:50:28","modified_gmt":"2014-03-16T18:50:28","slug":"zaun-auf-platz-iii-es-geht-voran","status":"publish","type":"post","link":"https:\/\/sw-osterfeine.de\/?p=9609","title":{"rendered":"Zaun auf Platz III \u2013 es geht voran"},"content":{"rendered":"<p>Helfer f\u00fcr Samstag, den 22.3.2014 ab 8.00 Uhr gesucht<\/p>\n<p>\u00a0Unter der F\u00fchrung von Josef Lamping wurden am Samstag die Arbeiten am neuen Zaun f\u00fcr den neuen Sportplatz fortgef\u00fchrt. Die Arbeiten schreiten gut voran, so dass der neue Platz schon fast umz\u00e4unt ist. Danke den freiwilligen Helfern Hans-G\u00fcnther H\u00f6nemann sowie Andre Bei der Hake und Christian Gravemeyer (beide I-Herren) Jetzt muss am n\u00e4chsten Samstag der Zaun hinter dem Jugendplatz und hinter dem Beachhandballplatz\u00a0 aufgestellt werden.<\/p>\n<p>Auch n\u00e4chsten Samstag brauchen wir wieder einige Freiwillige f\u00fcr den n\u00e4chsten Teil des Zaunes. Wer Lust und Zeit hat am Samstag von 8.00 bis ca max. 15.00 mitzuhelfen, m\u00f6ge sich bitte bei Bubble (Tel. 05491\/4406) kurz melden.<\/p>\n<p><a href=\"https:\/\/sw-osterfeine.de\/wp-content\/uploads\/2014\/03\/1964865_611947285547443_685985657_n.jpg\" data-rel=\"lightbox-image-0\" data-rl_title=\"\" data-rl_caption=\"\"><img loading=\"lazy\" decoding=\"async\" class=\"size-medium wp-image-9610 aligncenter\" title=\"\" src=\"https:\/\/sw-osterfeine.de\/wp-content\/uploads\/2014\/03\/1964865_611947285547443_685985657_n-225x300.jpg\" alt=\"\" width=\"225\" height=\"300\" srcset=\"https:\/\/sw-osterfeine.de\/wp-content\/uploads\/2014\/03\/1964865_611947285547443_685985657_n-225x300.jpg 225w, https:\/\/sw-osterfeine.de\/wp-content\/uploads\/2014\/03\/1964865_611947285547443_685985657_n.jpg 600w\" sizes=\"(max-width: 225px) 100vw, 225px\" \/><\/a><\/p>\n","protected":false},"excerpt":{"rendered":"<p>Helfer f\u00fcr Samstag, den 22.3.2014 ab 8.00 Uhr gesucht \u00a0Unter der F\u00fchrung von Josef Lamping wurden am Samstag die Arbeiten am neuen Zaun f\u00fcr den neuen Sportplatz fortgef\u00fchrt. Die Arbeiten schreiten gut voran, so dass der neue Platz schon fast umz\u00e4unt ist. Danke den freiwilligen Helfern Hans-G\u00fcnther H\u00f6nemann sowie Andre Bei der Hake und Christian [&hellip;]<\/p>\n","protected":false},"author":3,"featured_media":0,"comment_status":"closed","ping_status":"closed","sticky":false,"template":"","format":"standard","meta":{"footnotes":""},"categories":[3,37],"tags":[],"_links":{"self":[{"href":"https:\/\/sw-osterfeine.de\/index.php?rest_route=\/wp\/v2\/posts\/9609"}],"collection":[{"href":"https:\/\/sw-osterfeine.de\/index.php?rest_route=\/wp\/v2\/posts"}],"about":[{"href":"https:\/\/sw-osterfeine.de\/index.php?rest_route=\/wp\/v2\/types\/post"}],"author":[{"embeddable":true,"href":"https:\/\/sw-osterfeine.de\/index.php?rest_route=\/wp\/v2\/users\/3"}],"replies":[{"embeddable":true,"href":"https:\/\/sw-osterfeine.de\/index.php?rest_route=%2Fwp%2Fv2%2Fcomments&post=9609"}],"version-history":[{"count":3,"href":"https:\/\/sw-osterfeine.de\/index.php?rest_route=\/wp\/v2\/posts\/9609\/revisions"}],"predecessor-version":[{"id":9613,"href":"https:\/\/sw-osterfeine.de\/index.php?rest_route=\/wp\/v2\/posts\/9609\/revisions\/9613"}],"wp:attachment":[{"href":"https:\/\/sw-osterfeine.de\/index.php?rest_route=%2Fwp%2Fv2%2Fmedia&parent=9609"}],"wp:term":[{"taxonomy":"category","embeddable":true,"href":"https:\/\/sw-osterfeine.de\/index.php?rest_route=%2Fwp%2Fv2%2Fcategories&post=9609"},{"taxonomy":"post_tag","embeddable":true,"href":"https:\/\/sw-osterfeine.de\/index.php?rest_route=%2Fwp%2Fv2%2Ftags&post=9609"}],"curies":[{"name":"wp","href":"https:\/\/api.w.org\/{rel}","templated":true}]}}