{"id":9848,"date":"2014-05-05T10:45:45","date_gmt":"2014-05-05T08:45:45","guid":{"rendered":"http:\/\/sw-osterfeine.de\/?p=9848"},"modified":"2014-05-05T10:45:59","modified_gmt":"2014-05-05T08:45:59","slug":"wusstet-ihr-schon-dass","status":"publish","type":"post","link":"https:\/\/sw-osterfeine.de\/?p=9848","title":{"rendered":"Wusstet ihr schon, dass&#8230;."},"content":{"rendered":"<p>&#8230; ein weiteres Mitglied unseres Lauftreffs am vergangenen Wochenende seine erste D\u00fcmmer-Umrundung geschafft hat? Die insgesamt 19 km schaffte Markus Niehues In 1 Std. und 47 min! Eine super Zeit, insbesondere wenn man bedenkt das Markus noch &#8222;relativ neu&#8220; dabei ist! Weiter so!<\/p>\n<p>&nbsp;<\/p>\n<p>&#8230; der aktuell aufgrund zu geringer Nachfrage kein Anf\u00e4ngerkurs mehr stattfindet? Die Lauftermine bleiben wie gehabt am Mittwoch und Donnerstag jeweils um 18 Uhr am Kl\u00fcnenberg in Osterfeine. Wer dennoch gerne Laufen m\u00f6chte, sich aber nicht sichher ist welche Distanzen er bew\u00e4ltigen kann, darf gerne zu den Lauftreminen dazusto\u00dfen. Die Trainingsstrecken k\u00f6nnen wir jederzeit entsprechend anpassen, sodass ein Ausstieg immer m\u00f6glich ist. Ein neuer Anf\u00e4ngerkurs wird nach den Sommerferien angeboten, n\u00e4here Infos hierzu folgen rechtzeitig!<\/p>\n","protected":false},"excerpt":{"rendered":"<p>&#8230; ein weiteres Mitglied unseres Lauftreffs am vergangenen Wochenende seine erste D\u00fcmmer-Umrundung geschafft hat? Die insgesamt 19 km schaffte Markus Niehues In 1 Std. und 47 min! Eine super Zeit, insbesondere wenn man bedenkt das Markus noch &#8222;relativ neu&#8220; dabei ist! Weiter so! &nbsp; &#8230; der aktuell aufgrund zu geringer Nachfrage kein Anf\u00e4ngerkurs mehr stattfindet? [&hellip;]<\/p>\n","protected":false},"author":3,"featured_media":0,"comment_status":"closed","ping_status":"closed","sticky":false,"template":"","format":"standard","meta":{"footnotes":""},"categories":[38],"tags":[],"_links":{"self":[{"href":"https:\/\/sw-osterfeine.de\/index.php?rest_route=\/wp\/v2\/posts\/9848"}],"collection":[{"href":"https:\/\/sw-osterfeine.de\/index.php?rest_route=\/wp\/v2\/posts"}],"about":[{"href":"https:\/\/sw-osterfeine.de\/index.php?rest_route=\/wp\/v2\/types\/post"}],"author":[{"embeddable":true,"href":"https:\/\/sw-osterfeine.de\/index.php?rest_route=\/wp\/v2\/users\/3"}],"replies":[{"embeddable":true,"href":"https:\/\/sw-osterfeine.de\/index.php?rest_route=%2Fwp%2Fv2%2Fcomments&post=9848"}],"version-history":[{"count":2,"href":"https:\/\/sw-osterfeine.de\/index.php?rest_route=\/wp\/v2\/posts\/9848\/revisions"}],"predecessor-version":[{"id":9850,"href":"https:\/\/sw-osterfeine.de\/index.php?rest_route=\/wp\/v2\/posts\/9848\/revisions\/9850"}],"wp:attachment":[{"href":"https:\/\/sw-osterfeine.de\/index.php?rest_route=%2Fwp%2Fv2%2Fmedia&parent=9848"}],"wp:term":[{"taxonomy":"category","embeddable":true,"href":"https:\/\/sw-osterfeine.de\/index.php?rest_route=%2Fwp%2Fv2%2Fcategories&post=9848"},{"taxonomy":"post_tag","embeddable":true,"href":"https:\/\/sw-osterfeine.de\/index.php?rest_route=%2Fwp%2Fv2%2Ftags&post=9848"}],"curies":[{"name":"wp","href":"https:\/\/api.w.org\/{rel}","templated":true}]}}