{"id":9919,"date":"2014-05-14T13:02:10","date_gmt":"2014-05-14T11:02:10","guid":{"rendered":"http:\/\/sw-osterfeine.de\/?p=9919"},"modified":"2014-05-14T13:02:10","modified_gmt":"2014-05-14T11:02:10","slug":"neuer-sportartikel-bei-sport-knabe-in-damme-erhaltlich","status":"publish","type":"post","link":"https:\/\/sw-osterfeine.de\/?p=9919","title":{"rendered":"Neuer Sportartikel bei Sport Knabe in Damme erh\u00e4ltlich !!!!"},"content":{"rendered":"<p>Der SW Osterfeine und Sport Knabe in Damme bieten ab sofort<br \/>\ndiese Regenjacke mit SW Osterfeine Emblem\u00a0 und wenn gew\u00fcnscht mit eigenem Namen an.<br \/>\n(oder mit dem Namen eines Sponsors versehen)<\/p>\n<p>Ebenfalls gibt es neue Trainingsanz\u00fcge vom gleichen Hersteller g\u00fcnstig zu erwerben.<br \/>\nWer Interesse hat kann sich die Artikel direkt in Damme bei Sport Knabe ansehen und kaufen.<\/p>\n<p>Gerade beim aktuellen Wetter\u00a0 eine vielleicht g\u00fcnstige Aktion um zuzuschlagen.<\/p>\n\n\t\t<style type=\"text\/css\">\n\t\t\t#gallery-1 {\n\t\t\t\tmargin: auto;\n\t\t\t}\n\t\t\t#gallery-1 .gallery-item {\n\t\t\t\tfloat: left;\n\t\t\t\tmargin-top: 10px;\n\t\t\t\ttext-align: center;\n\t\t\t\twidth: 50%;\n\t\t\t}\n\t\t\t#gallery-1 img {\n\t\t\t\tborder: 2px solid #cfcfcf;\n\t\t\t}\n\t\t\t#gallery-1 .gallery-caption {\n\t\t\t\tmargin-left: 0;\n\t\t\t}\n\t\t\t\/* see gallery_shortcode() in wp-includes\/media.php *\/\n\t\t<\/style>\n\t\t<div id='gallery-1' class='gallery galleryid-9919 gallery-columns-2 gallery-size-thumbnail'><dl class='gallery-item'>\n\t\t\t<dt class='gallery-icon landscape'>\n\t\t\t\t<a href='https:\/\/sw-osterfeine.de\/wp-content\/uploads\/2014\/05\/IMG-20140510-WA0006.jpg' title=\"\" data-rl_title=\"\" class=\"rl-gallery-link\" data-rl_caption=\"\" data-rel=\"lightbox-gallery-1\"><img loading=\"lazy\" decoding=\"async\" width=\"150\" height=\"150\" src=\"https:\/\/sw-osterfeine.de\/wp-content\/uploads\/2014\/05\/IMG-20140510-WA0006-150x150.jpg\" class=\"attachment-thumbnail size-thumbnail\" alt=\"\" \/><\/a>\n\t\t\t<\/dt><\/dl><dl class='gallery-item'>\n\t\t\t<dt class='gallery-icon portrait'>\n\t\t\t\t<a href='https:\/\/sw-osterfeine.de\/wp-content\/uploads\/2014\/05\/IMG-20140510-WA0007.jpg' title=\"\" data-rl_title=\"\" class=\"rl-gallery-link\" data-rl_caption=\"\" data-rel=\"lightbox-gallery-1\"><img loading=\"lazy\" decoding=\"async\" width=\"150\" height=\"150\" src=\"https:\/\/sw-osterfeine.de\/wp-content\/uploads\/2014\/05\/IMG-20140510-WA0007-150x150.jpg\" class=\"attachment-thumbnail size-thumbnail\" alt=\"\" \/><\/a>\n\t\t\t<\/dt><\/dl><br style=\"clear: both\" \/>\n\t\t<\/div>\n\n<p>Viel Spa\u00df mit den neuen Trainingssachen<\/p>\n<p>Hansi Lapke<\/p>\n","protected":false},"excerpt":{"rendered":"<p>Der SW Osterfeine und Sport Knabe in Damme bieten ab sofort diese Regenjacke mit SW Osterfeine Emblem\u00a0 und wenn gew\u00fcnscht mit eigenem Namen an. (oder mit dem Namen eines Sponsors versehen) Ebenfalls gibt es neue Trainingsanz\u00fcge vom gleichen Hersteller g\u00fcnstig zu erwerben. Wer Interesse hat kann sich die Artikel direkt in Damme bei Sport Knabe [&hellip;]<\/p>\n","protected":false},"author":3,"featured_media":0,"comment_status":"closed","ping_status":"closed","sticky":false,"template":"","format":"standard","meta":{"footnotes":""},"categories":[37],"tags":[],"_links":{"self":[{"href":"https:\/\/sw-osterfeine.de\/index.php?rest_route=\/wp\/v2\/posts\/9919"}],"collection":[{"href":"https:\/\/sw-osterfeine.de\/index.php?rest_route=\/wp\/v2\/posts"}],"about":[{"href":"https:\/\/sw-osterfeine.de\/index.php?rest_route=\/wp\/v2\/types\/post"}],"author":[{"embeddable":true,"href":"https:\/\/sw-osterfeine.de\/index.php?rest_route=\/wp\/v2\/users\/3"}],"replies":[{"embeddable":true,"href":"https:\/\/sw-osterfeine.de\/index.php?rest_route=%2Fwp%2Fv2%2Fcomments&post=9919"}],"version-history":[{"count":2,"href":"https:\/\/sw-osterfeine.de\/index.php?rest_route=\/wp\/v2\/posts\/9919\/revisions"}],"predecessor-version":[{"id":9923,"href":"https:\/\/sw-osterfeine.de\/index.php?rest_route=\/wp\/v2\/posts\/9919\/revisions\/9923"}],"wp:attachment":[{"href":"https:\/\/sw-osterfeine.de\/index.php?rest_route=%2Fwp%2Fv2%2Fmedia&parent=9919"}],"wp:term":[{"taxonomy":"category","embeddable":true,"href":"https:\/\/sw-osterfeine.de\/index.php?rest_route=%2Fwp%2Fv2%2Fcategories&post=9919"},{"taxonomy":"post_tag","embeddable":true,"href":"https:\/\/sw-osterfeine.de\/index.php?rest_route=%2Fwp%2Fv2%2Ftags&post=9919"}],"curies":[{"name":"wp","href":"https:\/\/api.w.org\/{rel}","templated":true}]}}