{"id":9949,"date":"2014-05-19T14:24:29","date_gmt":"2014-05-19T12:24:29","guid":{"rendered":"http:\/\/sw-osterfeine.de\/?p=9949"},"modified":"2014-05-20T12:01:02","modified_gmt":"2014-05-20T10:01:02","slug":"der-lauftreff-lasst-es-sich-nach-dem-lohner-marathon-gut-gehen","status":"publish","type":"post","link":"https:\/\/sw-osterfeine.de\/?p=9949","title":{"rendered":"Der Lauftreff l\u00e4sst es sich nach dem &#8222;Lohner Marathon&#8220; gut gehen"},"content":{"rendered":"<p>Eine der gro\u00dfen Veranstaltungen stand am letzten Samstag auf der Agenda unseres Lauftreffs. Der 10. Lohner Marathon! Mit insgesamt 9 Startern sind wir vom Lauftreff SW Osterfeine auf unterschiedlichen Distanzen an den Start gegangen. Bis auf den Mararthon konnten wir in jeder Disziplin mehrere L\u00e4ufer stellen, vom 10 km Lauf bis zum 3\/4 Marathon! Die Bedingungen f\u00fcr ein tolles Laufspektakel mit vielen prominenten L\u00e4ufern aus dem Landkreis waren gut, auch wenn es insbesondere auf den l\u00e4ngeren Distanzen recht warm wurde!<\/p>\n<p>Die Ergebnisse unserer L\u00e4ufer im \u00dcberblick:<\/p>\n<p>10 km Strecke mit 165 Startern:<\/p>\n<p>Theo M\u00f6nnich \/ Platz 69 \/ 53:01 min.<br \/>\nMarco Otte \/ Platz 70 \/ 53:05 min.<br \/>\nMarina Freking \/ Platz 111 \/ 58:57 min.<\/p>\n<p>21 km Halbmarathonstrecke mit 110 Startern:<\/p>\n<p>Matthias Haverbeck \/ Platz 24 \/ 1:37:06 Std.<br \/>\nDawid Wadulla \/ Platz 28 \/ 1:42:31 Std.<br \/>\nTine Nienaber \/ Platz 77 \/ 1:57:18 Std.<br \/>\nMarco Middendorf \/ Platz 78 \/ 1:57:18 Std.<\/p>\n<p>31,56 km Dreiviertel-Marathon Strecke mit 21 Teilnehmern:<\/p>\n<p>Franz Steinkamp \/ Platz 5 \/ 2:42:32 Std.<br \/>\nBernd Schildmeyer \/ Platz 13 \/ 2:57:41 Std.<\/p>\n<p>Besonders hervorzuheben sind Marina und Tine: Marina ist Ihre ersten 10 km durchgelaufen und das gleich im Wettkampf, TOP! Auch Tine hat Ihre ersten 21 km mit einer super Zeit hinter sich gebracht! Weiter so!<\/p>\n<p>Nach dem Lauf g\u00f6nnten wir uns noch das wohlverdiente k\u00fchle Pils und sa\u00dfen gem\u00fctlich beisammen. Alles in allem eine gelungene Veranstaltung mit toller Strecke, guter Bewirtung und Organsation. Wobei das Shuttle zu den etwa 1 km entfernten Duschen im Gegensatz zu den Vorjahren wirklich fehlte und der Pfandbetrag f\u00fcr den Chip etwas &#8222;hart&#8220; war! Auch nach der Siegerehrung hat man das tolle Wetter in der Innenstadt und den vorhanden L\u00e4ufer- und Publikumsverkehr nicht genutzt um z.B. Getr\u00e4nke\/W\u00fcrstchenst\u00e4nde aufzubauen bzw. eine Leinwand f\u00fcr das Pokalfinale. Schade! Aber&#8230; wir kommen wieder und w\u00fcrden uns freuen wenn die Waldschleicher uns im Herbst am 3. Oktober besuchen&#8230;<\/p>\n<p>Euer Lauftreff SW Osterfeine!<\/p>\n\n\t\t<style type=\"text\/css\">\n\t\t\t#gallery-1 {\n\t\t\t\tmargin: auto;\n\t\t\t}\n\t\t\t#gallery-1 .gallery-item {\n\t\t\t\tfloat: left;\n\t\t\t\tmargin-top: 10px;\n\t\t\t\ttext-align: center;\n\t\t\t\twidth: 25%;\n\t\t\t}\n\t\t\t#gallery-1 img {\n\t\t\t\tborder: 2px solid #cfcfcf;\n\t\t\t}\n\t\t\t#gallery-1 .gallery-caption {\n\t\t\t\tmargin-left: 0;\n\t\t\t}\n\t\t\t\/* see gallery_shortcode() in wp-includes\/media.php *\/\n\t\t<\/style>\n\t\t<div id='gallery-1' class='gallery galleryid-9949 gallery-columns-4 gallery-size-thumbnail'><dl class='gallery-item'>\n\t\t\t<dt class='gallery-icon landscape'>\n\t\t\t\t<a href='https:\/\/sw-osterfeine.de\/wp-content\/uploads\/2014\/05\/Foto-3.jpg' title=\"\" data-rl_title=\"\" class=\"rl-gallery-link\" data-rl_caption=\"\" data-rel=\"lightbox-gallery-1\"><img loading=\"lazy\" decoding=\"async\" width=\"150\" height=\"150\" src=\"https:\/\/sw-osterfeine.de\/wp-content\/uploads\/2014\/05\/Foto-3-150x150.jpg\" class=\"attachment-thumbnail size-thumbnail\" alt=\"\" \/><\/a>\n\t\t\t<\/dt><\/dl><dl class='gallery-item'>\n\t\t\t<dt class='gallery-icon landscape'>\n\t\t\t\t<a href='https:\/\/sw-osterfeine.de\/wp-content\/uploads\/2014\/05\/Foto-2.jpg' title=\"\" data-rl_title=\"\" class=\"rl-gallery-link\" data-rl_caption=\"\" data-rel=\"lightbox-gallery-1\"><img loading=\"lazy\" decoding=\"async\" width=\"150\" height=\"150\" src=\"https:\/\/sw-osterfeine.de\/wp-content\/uploads\/2014\/05\/Foto-2-150x150.jpg\" class=\"attachment-thumbnail size-thumbnail\" alt=\"\" \/><\/a>\n\t\t\t<\/dt><\/dl><dl class='gallery-item'>\n\t\t\t<dt class='gallery-icon landscape'>\n\t\t\t\t<a href='https:\/\/sw-osterfeine.de\/wp-content\/uploads\/2014\/05\/Foto-1.jpg' title=\"\" data-rl_title=\"\" class=\"rl-gallery-link\" data-rl_caption=\"\" data-rel=\"lightbox-gallery-1\"><img loading=\"lazy\" decoding=\"async\" width=\"150\" height=\"150\" src=\"https:\/\/sw-osterfeine.de\/wp-content\/uploads\/2014\/05\/Foto-1-150x150.jpg\" class=\"attachment-thumbnail size-thumbnail\" alt=\"\" \/><\/a>\n\t\t\t<\/dt><\/dl><dl class='gallery-item'>\n\t\t\t<dt class='gallery-icon portrait'>\n\t\t\t\t<a href='https:\/\/sw-osterfeine.de\/wp-content\/uploads\/2014\/05\/Foto-4.jpg' title=\"\" data-rl_title=\"\" class=\"rl-gallery-link\" data-rl_caption=\"\" data-rel=\"lightbox-gallery-1\"><img loading=\"lazy\" decoding=\"async\" width=\"150\" height=\"150\" src=\"https:\/\/sw-osterfeine.de\/wp-content\/uploads\/2014\/05\/Foto-4-150x150.jpg\" class=\"attachment-thumbnail size-thumbnail\" alt=\"\" \/><\/a>\n\t\t\t<\/dt><\/dl><br style=\"clear: both\" \/>\n\t\t<\/div>\n\n","protected":false},"excerpt":{"rendered":"<p>Eine der gro\u00dfen Veranstaltungen stand am letzten Samstag auf der Agenda unseres Lauftreffs. Der 10. Lohner Marathon! Mit insgesamt 9 Startern sind wir vom Lauftreff SW Osterfeine auf unterschiedlichen Distanzen an den Start gegangen. Bis auf den Mararthon konnten wir in jeder Disziplin mehrere L\u00e4ufer stellen, vom 10 km Lauf bis zum 3\/4 Marathon! Die [&hellip;]<\/p>\n","protected":false},"author":3,"featured_media":0,"comment_status":"closed","ping_status":"closed","sticky":false,"template":"","format":"standard","meta":{"footnotes":""},"categories":[38],"tags":[],"_links":{"self":[{"href":"https:\/\/sw-osterfeine.de\/index.php?rest_route=\/wp\/v2\/posts\/9949"}],"collection":[{"href":"https:\/\/sw-osterfeine.de\/index.php?rest_route=\/wp\/v2\/posts"}],"about":[{"href":"https:\/\/sw-osterfeine.de\/index.php?rest_route=\/wp\/v2\/types\/post"}],"author":[{"embeddable":true,"href":"https:\/\/sw-osterfeine.de\/index.php?rest_route=\/wp\/v2\/users\/3"}],"replies":[{"embeddable":true,"href":"https:\/\/sw-osterfeine.de\/index.php?rest_route=%2Fwp%2Fv2%2Fcomments&post=9949"}],"version-history":[{"count":3,"href":"https:\/\/sw-osterfeine.de\/index.php?rest_route=\/wp\/v2\/posts\/9949\/revisions"}],"predecessor-version":[{"id":9961,"href":"https:\/\/sw-osterfeine.de\/index.php?rest_route=\/wp\/v2\/posts\/9949\/revisions\/9961"}],"wp:attachment":[{"href":"https:\/\/sw-osterfeine.de\/index.php?rest_route=%2Fwp%2Fv2%2Fmedia&parent=9949"}],"wp:term":[{"taxonomy":"category","embeddable":true,"href":"https:\/\/sw-osterfeine.de\/index.php?rest_route=%2Fwp%2Fv2%2Fcategories&post=9949"},{"taxonomy":"post_tag","embeddable":true,"href":"https:\/\/sw-osterfeine.de\/index.php?rest_route=%2Fwp%2Fv2%2Ftags&post=9949"}],"curies":[{"name":"wp","href":"https:\/\/api.w.org\/{rel}","templated":true}]}}